{"id":2030,"date":"2020-09-30T16:38:28","date_gmt":"2020-09-30T19:38:28","guid":{"rendered":"https:\/\/fsantosteste.com\/gestion-de-crisis-8-pasos-que-no-debes-olvidar\/"},"modified":"2024-09-03T18:47:37","modified_gmt":"2024-09-03T21:47:37","slug":"gestion-de-crisis-8-pasos-que-no-debes-olvidar","status":"publish","type":"post","link":"https:\/\/www.knewin.com\/es\/blog\/gestion-de-crisis-8-pasos-que-no-debes-olvidar\/","title":{"rendered":"Gesti\u00f3n de crisis empresariales: 8 pasos que no debes olvidar"},"content":{"rendered":"\n<p><strong>La gesti\u00f3n de crisis <\/strong>es un tema delicado para muchas empresas. Despu\u00e9s de todo, representa un momento de vulnerabilidad, en el que <strong>debemos ser muy \u00e1giles para contener la situaci\u00f3n.<\/strong><\/p>\n\n\n\n<p>Sin embargo, es importante recordar que, en la era de la informaci\u00f3n digital,<strong> todas las empresas son vulnerable<\/strong>s a per\u00edodos de crisis de imagen. Despu\u00e9s de todo, una simple publicaci\u00f3n en las redes sociales puede provocar turbulencias.<\/p>\n\n\n\n<p>Por tanto, tenemos que pensar estrat\u00e9gicamente en la gesti\u00f3n de crisis empresariales. Adem\u00e1s, necesitamos recordar puntos que nos ayudan a mantener los pies en el suelo en tiempos de fragilidad:<\/p>\n\n\n\n<ol class=\"wp-block-list\">\n<li><strong>Planificaci\u00f3n.<\/strong><\/li>\n<li><strong>Agilidad.<\/strong><\/li>\n<li><strong>Supervisi\u00f3n.<\/strong><\/li>\n<\/ol>\n\n\n\n<p>A partir de estos 3 puntos, podemos construir una <strong>estrategia de gesti\u00f3n de crisis empresarial <\/strong>eficaz. Y eso es lo que te mostraremos en este post.<\/p>\n\n\n\n<h2 class=\"wp-block-heading\" id=\"8-pasos-para-una-buena-gestion-de-crisis-empresariales\"><strong>8 pasos para una buena gesti\u00f3n de crisis empresariales<\/strong><\/h2>\n\n\n\n<p>Para ayudarlo a ser un profesional eficaz y capacitado durante la gesti\u00f3n de crisis, hemos seleccionado 8 pasos que no pueden dejar de planificar.<\/p>\n\n\n\n<p>Estos pasos le ayudar\u00e1n a construir una planificaci\u00f3n asertiva para la gesti\u00f3n de crisis y evitar\u00e1n que la situaci\u00f3n de vulnerabilidad empeore.<\/p>\n\n\n\n<p>Y aqu\u00ed te dejamos un recordatorio: l<strong>a mejor manera de contener las crisis de imagen es estar siempre atento <\/strong>a todo lo que involucra a tu marca y fomentar lazos de confianza con tus stakeholders.<\/p>\n\n\n\n<h3 class=\"wp-block-heading\" id=\"1-monitorear-las-noticias\"><strong>1. Monitorear las noticias<\/strong><\/h3>\n\n\n\n<p>Primer paso hacia una buena gesti\u00f3n de crisis: <strong>monitoreo de noticias.<\/strong><\/p>\n\n\n\n<p><a href=\"https:\/\/knewin.com\/es\/blog\/que-es-el-clipping-y-como-monitorear-las-buenas-noticias\/\" target=\"_blank\" rel=\"noreferrer noopener\">El monitoreo del contenido period\u00edstico<\/a> es la base de varias estrategias comerciales, como el an\u00e1lisis competitivo y la inteligencia de mercado.<\/p>\n\n\n\n<p>Entonces, no ser\u00eda diferente con la gesti\u00f3n de crisis organizacional, \u00bfverdad?<\/p>\n\n\n\n<p>Un monitoreo de noticias completo y asertivo nos ayuda a:<\/p>\n\n\n\n<ol class=\"wp-block-list\">\n<li>Identificar contenido negativo sobre nuestra marca.<\/li>\n<li>Analizar cambios en el escenario pol\u00edtico que puedan afectar el posicionamiento de nuestra empresa.<\/li>\n<li>Detecta noticias falsas.<\/li>\n<li>Observe la repercusi\u00f3n de las acciones impulsadas por la empresa.<\/li>\n<li>Identificar posibles crisis por asociaci\u00f3n de im\u00e1genes.<\/li>\n<li>Analizar la posici\u00f3n de los portavoces de la marca en entrevistas dadas a la prensa.<\/li>\n<\/ol>\n\n\n\n<p>Es decir, el monitoreo de noticias es una fuente de informaci\u00f3n valiosa para prevenir, sortear y <a href=\"https:\/\/knewin.com\/es\/blog\/que-puedes-monitorear-en-caso-de-gestion-de-crisis\/\" target=\"_blank\" rel=\"noreferrer noopener\">monitorear escenarios de crisis<\/a>.<\/p>\n\n\n\n<p>Pero, \u00bfc\u00f3mo hacer que este clipping se centre en la gesti\u00f3n de crisis? D\u00e9janos ayudarte:<\/p>\n\n\n\n<h4 class=\"wp-block-heading\" id=\"monitoreo-de-noticias-sobre-gestion-de-crisis\">&#8211; <strong>Monitoreo de noticias sobre gesti\u00f3n de crisis<\/strong><\/h4>\n\n\n\n<p>El primer paso para monitorear las noticias durante tiempos de crisis es contar con la ayuda de la tecnolog\u00eda.<\/p>\n\n\n\n<p><strong>Knewin News es una completa herramienta<\/strong> para automatizar la captura y an\u00e1lisis de contenido period\u00edstico, asegurando la agilidad necesaria para momentos de vulnerabilidad.<\/p>\n\n\n\n<p><strong><a href=\"https:\/\/knewin.com\/es\/producto\/knewin-news\/\" target=\"_blank\" rel=\"noreferrer noopener\">Para conocer Knewin News, simplemente haga clic aqu\u00ed <\/a><\/strong><\/p>\n\n\n\n<p>Los siguientes pasos para un buen clipping son los siguientes:<\/p>\n\n\n\n<ol class=\"wp-block-list\">\n<li>Mapeo de palabras clave relacionadas con su marca y crisis de imagen.<\/li>\n<li>Monitoreo de todos los veh\u00edculos que mencionan su marca (impresos, digitales, televisi\u00f3n y radio).<\/li>\n<li>An\u00e1lisis de sentimiento, para identificar cu\u00e1les son los contenidos m\u00e1s negativos sobre su empresa.<\/li>\n<li>Proceso de toma de decisiones para contener la crisis (que abordaremos en los siguientes temas).<\/li>\n<\/ol>\n\n\n\n<p>De esa manera, mantendr\u00e1 un <strong>ojo muy estrat\u00e9gico para lidiar <\/strong>con la gesti\u00f3n de crisis comerciales de manera efectiva.<\/p>\n\n\n\n<h3 class=\"wp-block-heading\" id=\"2-identifica-el-detonante\"><strong>2. Identifica el detonante<\/strong><\/h3>\n\n\n\n<p>Segundo paso de una buena gesti\u00f3n de crisis<strong>: identificar el detonante de la inestabilidad.<\/strong><\/p>\n\n\n\n<p>Al monitorear las noticias, podr\u00e1 identificar qu\u00e9 caus\u00f3 la crisis empresarial.<\/p>\n\n\n\n<p>Comprenda que los desencadenantes de la crisis son lo m\u00e1s diversos posible:<\/p>\n\n\n\n<ul class=\"wp-block-list\">\n<li>Puede ser un discurso mal elaborado por un portavoz en entrevistas.<\/li>\n<li>Pero tambi\u00e9n puede ser un paso en falso que se da a diario (en el caso de los pol\u00edticos, por ejemplo, proyectos de ley que no son bien aceptados por la poblaci\u00f3n pueden ser un detonante).<\/li>\n<li>Otro detonante puede ser la actitud de un empleado de la empresa.<\/li>\n<li>Tambi\u00e9n puede ser una publicaci\u00f3n mal elaborada en las redes sociales.<\/li>\n<li>Puede ser una crisis interna o una asociaci\u00f3n de im\u00e1genes.<\/li>\n<li>Tambi\u00e9n puede ser una desalineaci\u00f3n del discurso organizacional y la imagen externa.<\/li>\n<\/ul>\n\n\n\n<p>En resumen, <strong>identificar el detonante de la crisis facilitar\u00e1 el proceso de gesti\u00f3n de la turbulencia. <\/strong>Despu\u00e9s de todo, ser\u00e1 m\u00e1s f\u00e1cil crear un plan de contingencia, con acciones alineadas a la situaci\u00f3n de inestabilidad.<\/p>\n\n\n\n<h3 class=\"wp-block-heading\" id=\"3-este-atento-a-las-noticias-falsas-o-fake-news\"><strong>3. Est\u00e9 atento a las noticias falsas o \u201cfake news\u201d<\/strong><\/h3>\n\n\n\n<p>Tercer punto que debe recordar durante la gesti\u00f3n de crisis empresariales: <strong>noticias falsas.<\/strong><\/p>\n\n\n\n<p>Compartir noticias falsas es un aspecto alarmante de la era de la informaci\u00f3n digital.<\/p>\n\n\n\n<p>De hecho, <strong>muchas fake news pueden desencadenar crisis <\/strong>o profundizar escenarios negativos para las empresas.<\/p>\n\n\n\n<p>Por ello, es fundamental monitorear las noticias y detectar historias con informaci\u00f3n falsa que se est\u00e9n publicando y \/ o compartiendo en portales period\u00edsticos y en redes sociales.<\/p>\n\n\n\n<p>Adem\u00e1s, tenga en cuenta que puede contar con la ayuda de un<strong> monitoreo de noticias exhaustivo y de calidad para identificar estas noticias falsas.<\/strong><\/p>\n\n\n\n<p>Cuanto m\u00e1s r\u00e1pido detectes la publicaci\u00f3n de fake news, m\u00e1s agilidad tendr\u00e1s para notificar a la prensa y al p\u00fablico esta informaci\u00f3n falsa sobre tu marca.<\/p>\n\n\n\n<h3 class=\"wp-block-heading\" id=\"4-seleccionar-portavoces-para-comunicarse-con-la-prensa\"><strong>4. Seleccionar portavoces para comunicarse con la prensa<\/strong><\/h3>\n\n\n\n<p>Otro paso importante en la gesti\u00f3n de crisis empresariales: <strong>selecci\u00f3n de voceros que se comunicar\u00e1n con la prensa.<\/strong><\/p>\n\n\n\n<p>Las crisis de imagen requieren una declaraci\u00f3n de la empresa, para <strong>aclarar los hechos y mostrar que la organizaci\u00f3n est\u00e1 trabajando para resolver el problema.<\/strong><\/p>\n\n\n\n<p>Y, para ello, muchas empresas nombran a un portavoz, que puede ser el brand manager, el presidente, el responsable de prensa, etc.<\/p>\n\n\n\n<p>Lo importante es seleccionar a esta persona que ser\u00e1 la responsable de la comunicaci\u00f3n oficial de la organizaci\u00f3n con la prensa.<\/p>\n\n\n\n<p>Con ello, es posible invertir en<a href=\"https:\/\/knewin.com\/es\/blog\/como-estrechar-la-relacion-con-tus-audiencias-durante-una-gestion-de-crisis\/\" target=\"_blank\" rel=\"noreferrer noopener\"> formaci\u00f3n medi\u00e1tica <\/a>(antes de per\u00edodos de crisis) y estar siempre preparado para afrontar situaciones de vulnerabilidad de forma h\u00e1bil y asertiva.<\/p>\n\n\n\n<h3 class=\"wp-block-heading\" id=\"5-celebre-conferencias-de-prensa-solo-si-es-necesario\"><strong>5. Celebre conferencias de prensa solo si es necesario<\/strong><\/h3>\n\n\n\n<p>La quinta etapa de este post tiene mucho que ver con la selecci\u00f3n de voceros para abordar la gesti\u00f3n de crisis en entrevistas.<\/p>\n\n\n\n<p>Despu\u00e9s de todo,<strong> la rueda de prensa suele tener lugar en 3 situaciones:<\/strong><\/p>\n\n\n\n<ol class=\"wp-block-list\">\n<li>Lanzamiento de productos \/ eventos.<\/li>\n<li>Anuncios importantes.<\/li>\n<li>Grandes crisis de imagen.<\/li>\n<\/ol>\n\n\n\n<p>Las ruedas de prensa son <strong>momentos en los que la empresa tiene la oportunidad de esclarecer<\/strong> la situaci\u00f3n de crisis, despejar dudas de la prensa y mostrar qu\u00e9 acciones se est\u00e1n tomando para ayudar a los afectados por la organizaci\u00f3n.<\/p>\n\n\n\n<p>Sin embargo, tenemos que dejar un recordatorio aqu\u00ed: use esta herramienta solo si es necesario.<\/p>\n\n\n\n<p>No todas las crisis deben gestionarse mediante una conferencia de prensa.<\/p>\n\n\n\n<p>Por lo tanto, <strong>guarde esta estrategia para situaciones <\/strong>que han tenido un gran impacto en la sociedad, como los accidentes ambientales.<\/p>\n\n\n\n<h3 class=\"wp-block-heading\" id=\"6-definir-acciones-de-contingencia\"><strong>6. Definir acciones de contingencia<\/strong><\/h3>\n\n\n\n<p>Otra etapa de una buena gesti\u00f3n de crisis empresarial: <strong>acciones de contingencia.<\/strong><\/p>\n\n\n\n<p>El plan de acci\u00f3n para contener la crisis es <strong>muy individual y debe estar alineado <\/strong>con el posicionamiento de la marca y la crisis que se est\u00e1 enfrentando.<\/p>\n\n\n\n<p>En este plan, puede incluir:<\/p>\n\n\n\n<ol class=\"wp-block-list\">\n<li>Qu\u00e9 comunicar\u00e1 la empresa en la nota aclaratoria.<\/li>\n<li>Qu\u00e9 acciones se pueden tomar para evitar romper lazos con el p\u00fablico.<\/li>\n<li>\u00bfQu\u00e9 mensaje se transmitir\u00e1 a la prensa?<\/li>\n<li>\u00bfC\u00f3mo evitar un da\u00f1o significativo a la reputaci\u00f3n de la marca?<\/li>\n<li>\u00bfQu\u00e9 pasos \u00e1giles puedo dar ahora mismo?<\/li>\n<li>\u00bfQu\u00e9 puedo hacer para mostrar al p\u00fablico externo que mi marca quiere arreglar la situaci\u00f3n? (ejemplo: invertir en acciones sociales o ambientales, si la crisis est\u00e1 relacionada con este escenario).<\/li>\n<li>A<strong>cciones dirigidas al p\u00fablico interno<\/strong>, con el fin de mantener la transparencia y evitar compartir rumores dentro de la organizaci\u00f3n.<\/li>\n<\/ol>\n\n\n\n<p>Es decir, estas acciones le ayudar\u00e1n a<strong> tomar medidas m\u00e1s precisas <\/strong>al gestionar y contener una crisis de imagen empresarial.<\/p>\n\n\n\n<h3 class=\"wp-block-heading\" id=\"7-realice-notas-aclaratorias\"><strong>7. Realice notas aclaratorias<\/strong><\/h3>\n\n\n\n<p>Al pensar en acciones de contingencia, <strong>no olvide las notas aclaratorias.<\/strong><\/p>\n\n\n\n<p>Las notas aclaratorias merecen un tema aparte en este art\u00edculo porque las empresas se comunican oficialmente durante la gesti\u00f3n de crisis.<\/p>\n\n\n\n<p>Y el gran punto es que muchas marcas todav\u00eda cometen errores en esta estrategia. Despu\u00e9s de todo, arrojan la responsabilidad a terceros, mantienen un discurso fr\u00edo y no se toman el tiempo para hacer p\u00fablico el comunicado.<\/p>\n\n\n\n<p>Entonces, tenemos que recordar algunos puntos:<\/p>\n\n\n\n<ol class=\"wp-block-list\">\n<li>Hoy, las notas aclaratorias deben basarse en la<strong> empat\u00eda.<\/strong><\/li>\n<li><strong>No se demore<\/strong> <strong>en publicar <\/strong>una declaraci\u00f3n oficial de su marca durante los per\u00edodos de crisis. Cuanto antes hagas esto, mejor.<\/li>\n<li>No culpes a los dem\u00e1s. <strong>Tener auto-responsabilidad <\/strong>y asumir el rol de empresa en una situaci\u00f3n de crisis.<\/li>\n<li>Demuestre que la empresa busca <strong>soluciones al problema<\/strong>.<\/li>\n<li>Utilice sus <strong>canales sociales para publicar <\/strong>la nota aclaratoria. Las redes sociales son espacios de interacci\u00f3n directa entre marcas y consumidores.<\/li>\n<\/ol>\n\n\n\n<h3 class=\"wp-block-heading\" id=\"8-supervisar-la-situacion-posterior-a-la-crisis\"><strong>8. Supervisar la situaci\u00f3n posterior a la crisis<\/strong><\/h3>\n\n\n\n<p>Finalmente, llegamos al seguimiento del<strong> per\u00edodo posterior a la crisis.<\/strong><\/p>\n\n\n\n<p>S\u00ed, este paso es fundamental durante la gesti\u00f3n de crisis empresariales. Sin embargo, muchos profesionales olvidan esto.<\/p>\n\n\n\n<p>Cuando pasa una crisis, la tendencia es centrarse en la expresi\u00f3n \u00abla vida que sigue\u00bb.<\/p>\n\n\n\n<p>Sin embargo,<strong> la mejor manera de evitar nuevos pasos en falso<\/strong> es comprender, anal\u00edticamente, la vulnerabilidad que ha ocurrido.<\/p>\n\n\n\n<p>Luego, una vez que haya pasado la crisis, controle las noticias y las redes sociales en busca de menciones sobre su empresa.<\/p>\n\n\n\n<p>Elaborar informes e identificar los impactos generados por la inestabilidad.<\/p>\n\n\n\n<p>Adem\u00e1s, <strong>aprenda del desliz que enfrent\u00f3. <\/strong>Cada gesti\u00f3n de crisis empresarial nos brinda lecciones para ser profesionales y marcas m\u00e1s asertivas.<\/p>\n\n\n\n<p>Finalmente, si quieres profundizar en el tema, <a href=\"https:\/\/materiais.knewin.com\/es\/whitepaper-como-ser-mas-preciso-en-tus-acciones-de-comunicacion\" target=\"_blank\" rel=\"noreferrer noopener\">descarga nuestro Whitepaper C\u00f3mo ser m\u00e1s preciso en tus acciones de comunicaci\u00f3n. <\/a>El material es gratis.<\/p>\n\n\n\n<figure class=\"wp-block-image size-large\"><a href=\"https:\/\/materiais.knewin.com\/es\/whitepaper-como-ser-mas-preciso-en-tus-acciones-de-comunicacion\" target=\"_blank\" rel=\"noopener noreferrer\"><img decoding=\"async\" class=\"wp-image-10577\" src=\"https:\/\/knewin.com\/wp-content\/uploads\/2020\/09\/knewin-social-espanhol-4-1024x311.png\" alt=\"\" \/><\/a><\/figure>\n","protected":false},"excerpt":{"rendered":"<p>La gesti\u00f3n de crisis es un tema delicado para muchas empresas. Despu\u00e9s de todo, representa un momento de vulnerabilidad, en el que debemos ser muy \u00e1giles para contener la situaci\u00f3n. Sin embargo, es importante recordar que, en la era de la informaci\u00f3n digital, todas las empresas son vulnerables a per\u00edodos de crisis de imagen. Despu\u00e9s [&hellip;]<\/p>\n","protected":false},"author":6,"featured_media":26629,"comment_status":"open","ping_status":"open","sticky":false,"template":"","format":"standard","meta":{"footnotes":""},"categories":[1061],"tags":[1320,1314,1116,1322,1323,1252,1317,1321,1315],"class_list":["post-2030","post","type-post","status-publish","format-standard","has-post-thumbnail","hentry","category-gestion-de-crisis","tag-agilidad","tag-estrategia-de-crisis","tag-gestion-de-crisis-es","tag-manejo-de-imagen","tag-pasos-para-crisis","tag-planificacion-de-crisis","tag-redes-sociales-y-crisis","tag-supervision","tag-vulnerabilidad-empresarial"],"yoast_head":"<!-- This site is optimized with the Yoast SEO Premium plugin v27.0 (Yoast SEO v27.3) - https:\/\/yoast.com\/product\/yoast-seo-premium-wordpress\/ -->\n<title>Gesti\u00f3n de crisis empresariales: 8 pasos que no debes olvidar<\/title>\n<meta name=\"description\" content=\"La gesti\u00f3n de crisis es un tema delicado para muchas empresas. Despu\u00e9s de todo, representa un momento de vulnerabilidad, en el que debemos ser muy \u00e1giles para contener la situaci\u00f3n.\" \/>\n<meta name=\"robots\" content=\"index, follow, max-snippet:-1, max-image-preview:large, max-video-preview:-1\" \/>\n<link rel=\"canonical\" href=\"https:\/\/www.knewin.com\/es\/blog\/gestion-de-crisis-8-pasos-que-no-debes-olvidar\/\" \/>\n<meta property=\"og:locale\" content=\"es_ES\" \/>\n<meta property=\"og:type\" content=\"article\" \/>\n<meta property=\"og:title\" content=\"Gesti\u00f3n de crisis empresariales: 8 pasos que no debes olvidar\" \/>\n<meta property=\"og:description\" content=\"La gesti\u00f3n de crisis es un tema delicado para muchas empresas. Despu\u00e9s de todo, representa un momento de vulnerabilidad, en el que debemos ser muy \u00e1giles para contener la situaci\u00f3n.\" \/>\n<meta property=\"og:url\" content=\"https:\/\/www.knewin.com\/es\/blog\/gestion-de-crisis-8-pasos-que-no-debes-olvidar\/\" \/>\n<meta property=\"og:site_name\" content=\"Knewin\" \/>\n<meta property=\"article:publisher\" content=\"https:\/\/www.facebook.com\/knewinoficial\/\" \/>\n<meta property=\"article:published_time\" content=\"2020-09-30T19:38:28+00:00\" \/>\n<meta property=\"article:modified_time\" content=\"2024-09-03T21:47:37+00:00\" \/>\n<meta property=\"og:image\" content=\"https:\/\/www.knewin.com\/wp-content\/uploads\/2024\/03\/gerenciamento-crise.png\" \/>\n\t<meta property=\"og:image:width\" content=\"1200\" \/>\n\t<meta property=\"og:image:height\" content=\"600\" \/>\n\t<meta property=\"og:image:type\" content=\"image\/png\" \/>\n<meta name=\"author\" content=\"Aline Silva\" \/>\n<meta name=\"twitter:card\" content=\"summary_large_image\" \/>\n<meta name=\"twitter:creator\" content=\"@knewin_\" \/>\n<meta name=\"twitter:site\" content=\"@knewin_\" \/>\n<meta name=\"twitter:label1\" content=\"Escrito por\" \/>\n\t<meta name=\"twitter:data1\" content=\"Aline Silva\" \/>\n\t<meta name=\"twitter:label2\" content=\"Tiempo de lectura\" \/>\n\t<meta name=\"twitter:data2\" content=\"9 minutos\" \/>\n<script type=\"application\/ld+json\" class=\"yoast-schema-graph\">{\"@context\":\"https:\\\/\\\/schema.org\",\"@graph\":[{\"@type\":[\"Article\",\"BlogPosting\"],\"@id\":\"https:\\\/\\\/www.knewin.com\\\/es\\\/blog\\\/gestion-de-crisis-8-pasos-que-no-debes-olvidar\\\/#article\",\"isPartOf\":{\"@id\":\"https:\\\/\\\/www.knewin.com\\\/es\\\/blog\\\/gestion-de-crisis-8-pasos-que-no-debes-olvidar\\\/\"},\"author\":{\"name\":\"Aline Silva\",\"@id\":\"https:\\\/\\\/www.knewin.com\\\/#\\\/schema\\\/person\\\/ee71f003995c0b672c6a3328797faf1d\"},\"headline\":\"Gesti\u00f3n de crisis empresariales: 8 pasos que no debes olvidar\",\"datePublished\":\"2020-09-30T19:38:28+00:00\",\"dateModified\":\"2024-09-03T21:47:37+00:00\",\"mainEntityOfPage\":{\"@id\":\"https:\\\/\\\/www.knewin.com\\\/es\\\/blog\\\/gestion-de-crisis-8-pasos-que-no-debes-olvidar\\\/\"},\"wordCount\":1655,\"commentCount\":0,\"publisher\":{\"@id\":\"https:\\\/\\\/www.knewin.com\\\/#organization\"},\"image\":{\"@id\":\"https:\\\/\\\/www.knewin.com\\\/es\\\/blog\\\/gestion-de-crisis-8-pasos-que-no-debes-olvidar\\\/#primaryimage\"},\"thumbnailUrl\":\"https:\\\/\\\/www.knewin.com\\\/wp-content\\\/uploads\\\/2024\\\/03\\\/gerenciamento-crise.png\",\"keywords\":[\"agilidad\",\"estrategia de crisis\",\"gestion de crisis\",\"manejo de imagen\",\"pasos para crisis\",\"planificaci\u00f3n de crisis\",\"redes sociales y crisis\",\"supervisi\u00f3n\",\"vulnerabilidad empresarial\"],\"articleSection\":[\"Gesti\u00f3n de Crisis\"],\"inLanguage\":\"es\",\"potentialAction\":[{\"@type\":\"CommentAction\",\"name\":\"Comment\",\"target\":[\"https:\\\/\\\/www.knewin.com\\\/es\\\/blog\\\/gestion-de-crisis-8-pasos-que-no-debes-olvidar\\\/#respond\"]}]},{\"@type\":\"WebPage\",\"@id\":\"https:\\\/\\\/www.knewin.com\\\/es\\\/blog\\\/gestion-de-crisis-8-pasos-que-no-debes-olvidar\\\/\",\"url\":\"https:\\\/\\\/www.knewin.com\\\/es\\\/blog\\\/gestion-de-crisis-8-pasos-que-no-debes-olvidar\\\/\",\"name\":\"Gesti\u00f3n de crisis empresariales: 8 pasos que no debes olvidar\",\"isPartOf\":{\"@id\":\"https:\\\/\\\/www.knewin.com\\\/#website\"},\"primaryImageOfPage\":{\"@id\":\"https:\\\/\\\/www.knewin.com\\\/es\\\/blog\\\/gestion-de-crisis-8-pasos-que-no-debes-olvidar\\\/#primaryimage\"},\"image\":{\"@id\":\"https:\\\/\\\/www.knewin.com\\\/es\\\/blog\\\/gestion-de-crisis-8-pasos-que-no-debes-olvidar\\\/#primaryimage\"},\"thumbnailUrl\":\"https:\\\/\\\/www.knewin.com\\\/wp-content\\\/uploads\\\/2024\\\/03\\\/gerenciamento-crise.png\",\"datePublished\":\"2020-09-30T19:38:28+00:00\",\"dateModified\":\"2024-09-03T21:47:37+00:00\",\"description\":\"La gesti\u00f3n de crisis es un tema delicado para muchas empresas. Despu\u00e9s de todo, representa un momento de vulnerabilidad, en el que debemos ser muy \u00e1giles para contener la situaci\u00f3n.\",\"breadcrumb\":{\"@id\":\"https:\\\/\\\/www.knewin.com\\\/es\\\/blog\\\/gestion-de-crisis-8-pasos-que-no-debes-olvidar\\\/#breadcrumb\"},\"inLanguage\":\"es\",\"potentialAction\":[{\"@type\":\"ReadAction\",\"target\":[\"https:\\\/\\\/www.knewin.com\\\/es\\\/blog\\\/gestion-de-crisis-8-pasos-que-no-debes-olvidar\\\/\"]}]},{\"@type\":\"ImageObject\",\"inLanguage\":\"es\",\"@id\":\"https:\\\/\\\/www.knewin.com\\\/es\\\/blog\\\/gestion-de-crisis-8-pasos-que-no-debes-olvidar\\\/#primaryimage\",\"url\":\"https:\\\/\\\/www.knewin.com\\\/wp-content\\\/uploads\\\/2024\\\/03\\\/gerenciamento-crise.png\",\"contentUrl\":\"https:\\\/\\\/www.knewin.com\\\/wp-content\\\/uploads\\\/2024\\\/03\\\/gerenciamento-crise.png\",\"width\":1200,\"height\":600,\"caption\":\"gerenciamento-de-crise\"},{\"@type\":\"BreadcrumbList\",\"@id\":\"https:\\\/\\\/www.knewin.com\\\/es\\\/blog\\\/gestion-de-crisis-8-pasos-que-no-debes-olvidar\\\/#breadcrumb\",\"itemListElement\":[{\"@type\":\"ListItem\",\"position\":1,\"name\":\"In\u00edcio\",\"item\":\"https:\\\/\\\/www.knewin.com\\\/es\\\/\"},{\"@type\":\"ListItem\",\"position\":2,\"name\":\"Gesti\u00f3n de crisis empresariales: 8 pasos que no debes olvidar\"}]},{\"@type\":\"WebSite\",\"@id\":\"https:\\\/\\\/www.knewin.com\\\/#website\",\"url\":\"https:\\\/\\\/www.knewin.com\\\/\",\"name\":\"Knewin\",\"description\":\"A maior empresa de tecnologia e dados para gest\u00e3o de reputa\u00e7\u00e3o na Am\u00e9rica Latina.\",\"publisher\":{\"@id\":\"https:\\\/\\\/www.knewin.com\\\/#organization\"},\"alternateName\":\"Knewin - Tecnologia e dados para gest\u00e3o de reputa\u00e7\u00e3o\",\"potentialAction\":[{\"@type\":\"SearchAction\",\"target\":{\"@type\":\"EntryPoint\",\"urlTemplate\":\"https:\\\/\\\/www.knewin.com\\\/?s={search_term_string}\"},\"query-input\":{\"@type\":\"PropertyValueSpecification\",\"valueRequired\":true,\"valueName\":\"search_term_string\"}}],\"inLanguage\":\"es\"},{\"@type\":\"Organization\",\"@id\":\"https:\\\/\\\/www.knewin.com\\\/#organization\",\"name\":\"Knewin\",\"alternateName\":\"Knewin - A maior empresa de tecnologia e dados para gest\u00e3o de reputa\u00e7\u00e3o\",\"url\":\"https:\\\/\\\/www.knewin.com\\\/\",\"logo\":{\"@type\":\"ImageObject\",\"inLanguage\":\"es\",\"@id\":\"https:\\\/\\\/www.knewin.com\\\/#\\\/schema\\\/logo\\\/image\\\/\",\"url\":\"https:\\\/\\\/knewin.com\\\/wp-content\\\/uploads\\\/2025\\\/01\\\/Knewin-imagem-home.webp\",\"contentUrl\":\"https:\\\/\\\/knewin.com\\\/wp-content\\\/uploads\\\/2025\\\/01\\\/Knewin-imagem-home.webp\",\"width\":600,\"height\":600,\"caption\":\"Knewin\"},\"image\":{\"@id\":\"https:\\\/\\\/www.knewin.com\\\/#\\\/schema\\\/logo\\\/image\\\/\"},\"sameAs\":[\"https:\\\/\\\/www.facebook.com\\\/knewinoficial\\\/\",\"https:\\\/\\\/x.com\\\/knewin_\",\"https:\\\/\\\/www.instagram.com\\\/knewinoficial\\\/\",\"https:\\\/\\\/www.linkedin.com\\\/company\\\/knewinoficial\",\"https:\\\/\\\/www.youtube.com\\\/@knewinoficial\"],\"description\":\"A Knewin foi fundada em 2011 com o prop\u00f3sito de melhorar a sociedade por meio de empresas respons\u00e1veis e comprometidas com os seus p\u00fablicos. Para conquistar esse objetivo, investiu em tecnologias de intelig\u00eancia de dados e intelig\u00eancia artificial para traduzir dados em sentimentos dos stakeholders.\",\"foundingDate\":\"2011-02-01\"},{\"@type\":\"Person\",\"@id\":\"https:\\\/\\\/www.knewin.com\\\/#\\\/schema\\\/person\\\/ee71f003995c0b672c6a3328797faf1d\",\"name\":\"Aline Silva\",\"image\":{\"@type\":\"ImageObject\",\"inLanguage\":\"es\",\"@id\":\"https:\\\/\\\/secure.gravatar.com\\\/avatar\\\/802088e385e2ba060dec8e5550a1c1ce2155a18d41cd0ef5553617a3c793967b?s=96&d=mm&r=g\",\"url\":\"https:\\\/\\\/secure.gravatar.com\\\/avatar\\\/802088e385e2ba060dec8e5550a1c1ce2155a18d41cd0ef5553617a3c793967b?s=96&d=mm&r=g\",\"contentUrl\":\"https:\\\/\\\/secure.gravatar.com\\\/avatar\\\/802088e385e2ba060dec8e5550a1c1ce2155a18d41cd0ef5553617a3c793967b?s=96&d=mm&r=g\",\"caption\":\"Aline Silva\"},\"url\":\"https:\\\/\\\/www.knewin.com\\\/es\\\/blog\\\/author\\\/aline-silva\\\/\"}]}<\/script>\n<!-- \/ Yoast SEO Premium plugin. -->","yoast_head_json":{"title":"Gesti\u00f3n de crisis empresariales: 8 pasos que no debes olvidar","description":"La gesti\u00f3n de crisis es un tema delicado para muchas empresas. Despu\u00e9s de todo, representa un momento de vulnerabilidad, en el que debemos ser muy \u00e1giles para contener la situaci\u00f3n.","robots":{"index":"index","follow":"follow","max-snippet":"max-snippet:-1","max-image-preview":"max-image-preview:large","max-video-preview":"max-video-preview:-1"},"canonical":"https:\/\/www.knewin.com\/es\/blog\/gestion-de-crisis-8-pasos-que-no-debes-olvidar\/","og_locale":"es_ES","og_type":"article","og_title":"Gesti\u00f3n de crisis empresariales: 8 pasos que no debes olvidar","og_description":"La gesti\u00f3n de crisis es un tema delicado para muchas empresas. Despu\u00e9s de todo, representa un momento de vulnerabilidad, en el que debemos ser muy \u00e1giles para contener la situaci\u00f3n.","og_url":"https:\/\/www.knewin.com\/es\/blog\/gestion-de-crisis-8-pasos-que-no-debes-olvidar\/","og_site_name":"Knewin","article_publisher":"https:\/\/www.facebook.com\/knewinoficial\/","article_published_time":"2020-09-30T19:38:28+00:00","article_modified_time":"2024-09-03T21:47:37+00:00","og_image":[{"width":1200,"height":600,"url":"https:\/\/www.knewin.com\/wp-content\/uploads\/2024\/03\/gerenciamento-crise.png","type":"image\/png"}],"author":"Aline Silva","twitter_card":"summary_large_image","twitter_creator":"@knewin_","twitter_site":"@knewin_","twitter_misc":{"Escrito por":"Aline Silva","Tiempo de lectura":"9 minutos"},"schema":{"@context":"https:\/\/schema.org","@graph":[{"@type":["Article","BlogPosting"],"@id":"https:\/\/www.knewin.com\/es\/blog\/gestion-de-crisis-8-pasos-que-no-debes-olvidar\/#article","isPartOf":{"@id":"https:\/\/www.knewin.com\/es\/blog\/gestion-de-crisis-8-pasos-que-no-debes-olvidar\/"},"author":{"name":"Aline Silva","@id":"https:\/\/www.knewin.com\/#\/schema\/person\/ee71f003995c0b672c6a3328797faf1d"},"headline":"Gesti\u00f3n de crisis empresariales: 8 pasos que no debes olvidar","datePublished":"2020-09-30T19:38:28+00:00","dateModified":"2024-09-03T21:47:37+00:00","mainEntityOfPage":{"@id":"https:\/\/www.knewin.com\/es\/blog\/gestion-de-crisis-8-pasos-que-no-debes-olvidar\/"},"wordCount":1655,"commentCount":0,"publisher":{"@id":"https:\/\/www.knewin.com\/#organization"},"image":{"@id":"https:\/\/www.knewin.com\/es\/blog\/gestion-de-crisis-8-pasos-que-no-debes-olvidar\/#primaryimage"},"thumbnailUrl":"https:\/\/www.knewin.com\/wp-content\/uploads\/2024\/03\/gerenciamento-crise.png","keywords":["agilidad","estrategia de crisis","gestion de crisis","manejo de imagen","pasos para crisis","planificaci\u00f3n de crisis","redes sociales y crisis","supervisi\u00f3n","vulnerabilidad empresarial"],"articleSection":["Gesti\u00f3n de Crisis"],"inLanguage":"es","potentialAction":[{"@type":"CommentAction","name":"Comment","target":["https:\/\/www.knewin.com\/es\/blog\/gestion-de-crisis-8-pasos-que-no-debes-olvidar\/#respond"]}]},{"@type":"WebPage","@id":"https:\/\/www.knewin.com\/es\/blog\/gestion-de-crisis-8-pasos-que-no-debes-olvidar\/","url":"https:\/\/www.knewin.com\/es\/blog\/gestion-de-crisis-8-pasos-que-no-debes-olvidar\/","name":"Gesti\u00f3n de crisis empresariales: 8 pasos que no debes olvidar","isPartOf":{"@id":"https:\/\/www.knewin.com\/#website"},"primaryImageOfPage":{"@id":"https:\/\/www.knewin.com\/es\/blog\/gestion-de-crisis-8-pasos-que-no-debes-olvidar\/#primaryimage"},"image":{"@id":"https:\/\/www.knewin.com\/es\/blog\/gestion-de-crisis-8-pasos-que-no-debes-olvidar\/#primaryimage"},"thumbnailUrl":"https:\/\/www.knewin.com\/wp-content\/uploads\/2024\/03\/gerenciamento-crise.png","datePublished":"2020-09-30T19:38:28+00:00","dateModified":"2024-09-03T21:47:37+00:00","description":"La gesti\u00f3n de crisis es un tema delicado para muchas empresas. Despu\u00e9s de todo, representa un momento de vulnerabilidad, en el que debemos ser muy \u00e1giles para contener la situaci\u00f3n.","breadcrumb":{"@id":"https:\/\/www.knewin.com\/es\/blog\/gestion-de-crisis-8-pasos-que-no-debes-olvidar\/#breadcrumb"},"inLanguage":"es","potentialAction":[{"@type":"ReadAction","target":["https:\/\/www.knewin.com\/es\/blog\/gestion-de-crisis-8-pasos-que-no-debes-olvidar\/"]}]},{"@type":"ImageObject","inLanguage":"es","@id":"https:\/\/www.knewin.com\/es\/blog\/gestion-de-crisis-8-pasos-que-no-debes-olvidar\/#primaryimage","url":"https:\/\/www.knewin.com\/wp-content\/uploads\/2024\/03\/gerenciamento-crise.png","contentUrl":"https:\/\/www.knewin.com\/wp-content\/uploads\/2024\/03\/gerenciamento-crise.png","width":1200,"height":600,"caption":"gerenciamento-de-crise"},{"@type":"BreadcrumbList","@id":"https:\/\/www.knewin.com\/es\/blog\/gestion-de-crisis-8-pasos-que-no-debes-olvidar\/#breadcrumb","itemListElement":[{"@type":"ListItem","position":1,"name":"In\u00edcio","item":"https:\/\/www.knewin.com\/es\/"},{"@type":"ListItem","position":2,"name":"Gesti\u00f3n de crisis empresariales: 8 pasos que no debes olvidar"}]},{"@type":"WebSite","@id":"https:\/\/www.knewin.com\/#website","url":"https:\/\/www.knewin.com\/","name":"Knewin","description":"A maior empresa de tecnologia e dados para gest\u00e3o de reputa\u00e7\u00e3o na Am\u00e9rica Latina.","publisher":{"@id":"https:\/\/www.knewin.com\/#organization"},"alternateName":"Knewin - Tecnologia e dados para gest\u00e3o de reputa\u00e7\u00e3o","potentialAction":[{"@type":"SearchAction","target":{"@type":"EntryPoint","urlTemplate":"https:\/\/www.knewin.com\/?s={search_term_string}"},"query-input":{"@type":"PropertyValueSpecification","valueRequired":true,"valueName":"search_term_string"}}],"inLanguage":"es"},{"@type":"Organization","@id":"https:\/\/www.knewin.com\/#organization","name":"Knewin","alternateName":"Knewin - A maior empresa de tecnologia e dados para gest\u00e3o de reputa\u00e7\u00e3o","url":"https:\/\/www.knewin.com\/","logo":{"@type":"ImageObject","inLanguage":"es","@id":"https:\/\/www.knewin.com\/#\/schema\/logo\/image\/","url":"https:\/\/knewin.com\/wp-content\/uploads\/2025\/01\/Knewin-imagem-home.webp","contentUrl":"https:\/\/knewin.com\/wp-content\/uploads\/2025\/01\/Knewin-imagem-home.webp","width":600,"height":600,"caption":"Knewin"},"image":{"@id":"https:\/\/www.knewin.com\/#\/schema\/logo\/image\/"},"sameAs":["https:\/\/www.facebook.com\/knewinoficial\/","https:\/\/x.com\/knewin_","https:\/\/www.instagram.com\/knewinoficial\/","https:\/\/www.linkedin.com\/company\/knewinoficial","https:\/\/www.youtube.com\/@knewinoficial"],"description":"A Knewin foi fundada em 2011 com o prop\u00f3sito de melhorar a sociedade por meio de empresas respons\u00e1veis e comprometidas com os seus p\u00fablicos. Para conquistar esse objetivo, investiu em tecnologias de intelig\u00eancia de dados e intelig\u00eancia artificial para traduzir dados em sentimentos dos stakeholders.","foundingDate":"2011-02-01"},{"@type":"Person","@id":"https:\/\/www.knewin.com\/#\/schema\/person\/ee71f003995c0b672c6a3328797faf1d","name":"Aline Silva","image":{"@type":"ImageObject","inLanguage":"es","@id":"https:\/\/secure.gravatar.com\/avatar\/802088e385e2ba060dec8e5550a1c1ce2155a18d41cd0ef5553617a3c793967b?s=96&d=mm&r=g","url":"https:\/\/secure.gravatar.com\/avatar\/802088e385e2ba060dec8e5550a1c1ce2155a18d41cd0ef5553617a3c793967b?s=96&d=mm&r=g","contentUrl":"https:\/\/secure.gravatar.com\/avatar\/802088e385e2ba060dec8e5550a1c1ce2155a18d41cd0ef5553617a3c793967b?s=96&d=mm&r=g","caption":"Aline Silva"},"url":"https:\/\/www.knewin.com\/es\/blog\/author\/aline-silva\/"}]}},"_links":{"self":[{"href":"https:\/\/www.knewin.com\/es\/wp-json\/wp\/v2\/posts\/2030","targetHints":{"allow":["GET"]}}],"collection":[{"href":"https:\/\/www.knewin.com\/es\/wp-json\/wp\/v2\/posts"}],"about":[{"href":"https:\/\/www.knewin.com\/es\/wp-json\/wp\/v2\/types\/post"}],"author":[{"embeddable":true,"href":"https:\/\/www.knewin.com\/es\/wp-json\/wp\/v2\/users\/6"}],"replies":[{"embeddable":true,"href":"https:\/\/www.knewin.com\/es\/wp-json\/wp\/v2\/comments?post=2030"}],"version-history":[{"count":0,"href":"https:\/\/www.knewin.com\/es\/wp-json\/wp\/v2\/posts\/2030\/revisions"}],"wp:featuredmedia":[{"embeddable":true,"href":"https:\/\/www.knewin.com\/es\/wp-json\/wp\/v2\/media\/26629"}],"wp:attachment":[{"href":"https:\/\/www.knewin.com\/es\/wp-json\/wp\/v2\/media?parent=2030"}],"wp:term":[{"taxonomy":"category","embeddable":true,"href":"https:\/\/www.knewin.com\/es\/wp-json\/wp\/v2\/categories?post=2030"},{"taxonomy":"post_tag","embeddable":true,"href":"https:\/\/www.knewin.com\/es\/wp-json\/wp\/v2\/tags?post=2030"}],"curies":[{"name":"wp","href":"https:\/\/api.w.org\/{rel}","templated":true}]}}