{"id":2070,"date":"2021-02-12T15:50:30","date_gmt":"2021-02-12T18:50:30","guid":{"rendered":"https:\/\/fsantosteste.com\/monitoreo-de-noticias-y-relaciones-publicas\/"},"modified":"2024-09-03T17:50:48","modified_gmt":"2024-09-03T20:50:48","slug":"monitoreo-de-noticias-y-relaciones-publicas","status":"publish","type":"post","link":"https:\/\/www.knewin.com\/es\/blog\/monitoreo-de-noticias-y-relaciones-publicas\/","title":{"rendered":"\u00bfC\u00f3mo el monitoreo de noticias fortalece el trabajo de relaciones p\u00fablicas?"},"content":{"rendered":"\n<p>El mayor reto de las relaciones p\u00fablicas es hacer que el mensaje de una marca, organizaci\u00f3n o persona llegue a la mayor cantidad de personas posible.<strong> Para ello, los profesionales del \u201cPR\u201d se encargan de realizar alianzas estrat\u00e9gicas<\/strong> con medios de comunicaci\u00f3n, a los cuales eventualmente les har\u00e1 llegar un comunicado de prensa o <em>hook story<\/em> de inter\u00e9s, tanto para el contenido del programa o noticiero como para su audiencia.<\/p>\n\n\n\n<p>Lo anterior es una manera muy general de resumir el trabajo de los publirrelacionistas. Sin embargo, <strong>el \u00e9xito de esta labor reside en otra actividad que requiere de sus propios mecanismos y metodolog\u00eda: el monitoreo de noticias<\/strong>.<\/p>\n\n\n\n<p>Al igual que las relaciones p\u00fablicas, el trabajo de monitoreo ha ido evolucionando con el paso del tiempo, a tal grado de volverse en una disciplina cada vez m\u00e1s sofisticada.<\/p>\n\n\n\n<p>Hasta hace algunos a\u00f1os, los publirrelacionistas realizaban esta actividad de \u201cforma manual\u201d: se encargaban de comprar (a veces, por sus propios medios) los peri\u00f3dicos o revistas donde intu\u00edan podr\u00eda salir su nota, e incluso se manten\u00edan al pendiente de la radio o TV a lo largo del d\u00eda solo para \u201ccachar\u201d su menci\u00f3n.<\/p>\n\n\n\n<p>Evidentemente, realizar todas estas actividades consum\u00eda gran parte de su tiempo, por lo que es probable que m\u00e1s de un ejecutivo haya declarado odiar en su momento el monitoreo de medios.&nbsp;<\/p>\n\n\n\n<p><strong>Lee m\u00e1s acerca de <\/strong><a href=\"https:\/\/materiais.knewin.com\/es\/ver-webinar-importancia-del-monitoreo\" target=\"_blank\" rel=\"noreferrer noopener\"><strong>la importancia del monitoreo y an\u00e1lisis de informaci\u00f3n<\/strong><\/a><\/p>\n\n\n\n<h2 class=\"wp-block-heading\" id=\"h-un-monitoreo-de-noticias-impulsado-por-la-tecnolog-a\"><strong>Un <\/strong>monitoreo de noticias<strong> impulsado por la tecnolog\u00eda<\/strong><\/h2>\n\n\n\n<p>Con la llegada de la transformaci\u00f3n digital, hoy ha cambiado su percepci\u00f3n, pues <strong>los profesionales de las relaciones p\u00fablicas no dejan de ver al monitoreo de noticias como un recurso estrat\u00e9gico e indispensable<\/strong> para llevar a cabo su labor.<\/p>\n\n\n\n<p>Actualmente, el monitoreo de medios se ha valido de tecnolog\u00edas, como la inteligencia artificial<em>, <\/em>para encontrar en todo tipo de medios de comunicaci\u00f3n menciones o notas publicadas en cuesti\u00f3n de segundos y en tiempo real.<\/p>\n\n\n\n<p>Herramientas como <a href=\"https:\/\/knewin.com\/es\/producto\/knewin-news\/\" target=\"_blank\" rel=\"noreferrer noopener\"><strong>Knewin News<\/strong><\/a>, por ejemplo, <strong>permiten al departamento de relaciones p\u00fablicas automatizar todo su proceso de monitoreo<\/strong> de noticias, d\u00e1ndole as\u00ed una gran ventaja competitiva, al tiempo que otorga a los ejecutivos mayor tiempo para idear estrategias de mayor impacto.<\/p>\n\n\n\n<p>Del mismo modo, mediante sistemas como <a href=\"https:\/\/knewin.com\/es\/producto\/knewin-monitoring\/\" target=\"_blank\" rel=\"noreferrer noopener\"><strong>Knewin Monitoring<\/strong><\/a> es posible realizar un monitoreo de medios con mayor profundidad, ya que ofrece a los expertos en PR:<\/p>\n\n\n\n<ul class=\"wp-block-list\"><li>An\u00e1lisis de sentimiento y percepci\u00f3n de noticias.<\/li><li>Informes de noticias diarios, semanales o mensuales.<\/li><li>Monitoreo de veh\u00edculos en l\u00ednea, impresos, radio y televisi\u00f3n con la inclusi\u00f3n de nuevas fuentes de manera r\u00e1pida.<\/li><li>Filtros de b\u00fasqueda para resultados m\u00e1s precisos&nbsp;<\/li><\/ul>\n\n\n\n<p><strong>Aprende m\u00e1s <\/strong><a href=\"https:\/\/knewin.com\/es\/blog\/que-es-el-clipping-y-como-monitorear-las-buenas-noticias\/\" target=\"_blank\" rel=\"noreferrer noopener\"><strong>acerca del <em>clipping<\/em> y c\u00f3mo monitorear las buenas noticias<\/strong><\/a><\/p>\n\n\n\n<h2 class=\"wp-block-heading\" id=\"h-actuando-con-eficiencia-y-rapidez\"><strong>Actuando con eficiencia y rapidez<\/strong><\/h2>\n\n\n\n<p>La tecnolog\u00eda aplicada a las labores de monitoreo de noticias va mucho m\u00e1s all\u00e1 de la automatizaci\u00f3n de procesos.<\/p>\n\n\n\n<p>Contar con informaci\u00f3n relevante acerca de un suceso o actores clave en tiempo real permite a los equipos de relaciones p\u00fablicas<strong> actuar de forma inmediata y eficaz<\/strong> ante una eventual crisis.<\/p>\n\n\n\n<p>As\u00ed mismo, el monitoreo automatizado de medios tambi\u00e9n puede ofrecer una visi\u00f3n que ayude a las empresas a anticiparse a otro tipo de sucesos, como tendencias de consumo o <a href=\"https:\/\/knewin.com\/es\/blog\/como-aplicar-la-inteligencia-de-mercados-para-adelantarte-a-la-competencia\/\" target=\"_blank\" rel=\"noreferrer noopener\">el lanzamiento de un producto de sus competidores.<\/a><\/p>\n\n\n\n<p><strong>Lee tambi\u00e9n: <\/strong><a href=\"https:\/\/knewin.com\/es\/blog\/analisis-de-tendencias-del-mercado-para-una-mejor-toma-de-decisiones\/\"><strong>An\u00e1lisis de tendencias de mercado para una mejor toma de decisiones<\/strong><\/a><\/p>\n\n\n\n<p>A pesar de su propia especializaci\u00f3n y mecanismos, en la actualidad es imposible hablar de relaciones p\u00fablicas sin mencionar el monitoreo de noticias, pues mientras <strong>los profesionales del PR se encargan de elaborar mensajes poderosos para las audiencias<\/strong>, los monitoristas les dotan de informaci\u00f3n y recursos valiosos para el desarrollo de estrategias innovadoras.<\/p>\n\n\n\n<p>Por ello, si deseas saber m\u00e1s acerca de c\u00f3mo potenciar tu estrategia de comunicaci\u00f3n a trav\u00e9s del monitoreo de medios, no dudes en <a href=\"https:\/\/knewin.com\/es\/contacto\/\" target=\"_blank\" rel=\"noreferrer noopener\">ponerte en contacto<\/a> con alguno de los expertos en Knewin para descubrir el potencial de las mejores herramientas tecnol\u00f3gicas de an\u00e1lisis.<\/p>\n\n\n\n<figure class=\"wp-block-image size-large\"><a href=\"https:\/\/knewin.com\/es\/contacto\/\" target=\"_blank\" rel=\"noopener\"><img decoding=\"async\" src=\"https:\/\/knewin.com\/wp-content\/uploads\/2021\/02\/banner-social-22-1024x311.png\" alt=\"\" class=\"wp-image-12548\"\/><\/a><\/figure>\n","protected":false},"excerpt":{"rendered":"<p>El mayor reto de las relaciones p\u00fablicas es hacer que el mensaje de una marca, organizaci\u00f3n o persona llegue a la mayor cantidad de personas posible. Para ello, los profesionales del \u201cPR\u201d se encargan de realizar alianzas estrat\u00e9gicas con medios de comunicaci\u00f3n, a los cuales eventualmente les har\u00e1 llegar un comunicado de prensa o hook [&hellip;]<\/p>\n","protected":false},"author":6,"featured_media":24364,"comment_status":"open","ping_status":"open","sticky":false,"template":"","format":"standard","meta":{"footnotes":""},"categories":[1064,2],"tags":[1206,1211,1115,1087,1097],"class_list":["post-2070","post","type-post","status-publish","format-standard","has-post-thumbnail","hentry","category-monitoreo-de-medios","category-sin-categorizar","tag-estrategias-de-pr","tag-evolucion-del-monitoreo-de-medios","tag-monitoreo-de-noticias-es","tag-pr-es","tag-relaciones-publicas-es"],"yoast_head":"<!-- This site is optimized with the Yoast SEO Premium plugin v27.0 (Yoast SEO v27.3) - https:\/\/yoast.com\/product\/yoast-seo-premium-wordpress\/ -->\n<title>\u00bfC\u00f3mo el monitoreo de noticias fortalece el trabajo de relaciones p\u00fablicas? - Knewin<\/title>\n<meta name=\"description\" content=\"el \u00e9xito de las relaciones p\u00fablicas reside en una actividad que requiere de sus propios mecanismos y metodolog\u00eda: el monitoreo de noticias.\" \/>\n<meta name=\"robots\" content=\"index, follow, max-snippet:-1, max-image-preview:large, max-video-preview:-1\" \/>\n<link rel=\"canonical\" href=\"https:\/\/www.knewin.com\/es\/blog\/monitoreo-de-noticias-y-relaciones-publicas\/\" \/>\n<meta property=\"og:locale\" content=\"es_ES\" \/>\n<meta property=\"og:type\" content=\"article\" \/>\n<meta property=\"og:title\" content=\"\u00bfC\u00f3mo el monitoreo de noticias fortalece el trabajo de relaciones p\u00fablicas?\" \/>\n<meta property=\"og:description\" content=\"el \u00e9xito de las relaciones p\u00fablicas reside en una actividad que requiere de sus propios mecanismos y metodolog\u00eda: el monitoreo de noticias.\" \/>\n<meta property=\"og:url\" content=\"https:\/\/www.knewin.com\/es\/blog\/monitoreo-de-noticias-y-relaciones-publicas\/\" \/>\n<meta property=\"og:site_name\" content=\"Knewin\" \/>\n<meta property=\"article:publisher\" content=\"https:\/\/www.facebook.com\/knewinoficial\/\" \/>\n<meta property=\"article:published_time\" content=\"2021-02-12T18:50:30+00:00\" \/>\n<meta property=\"article:modified_time\" content=\"2024-09-03T20:50:48+00:00\" \/>\n<meta property=\"og:image\" content=\"https:\/\/www.knewin.com\/wp-content\/uploads\/2024\/03\/monitoreo-de-noticias-3.png\" \/>\n\t<meta property=\"og:image:width\" content=\"1200\" \/>\n\t<meta property=\"og:image:height\" content=\"600\" \/>\n\t<meta property=\"og:image:type\" content=\"image\/png\" \/>\n<meta name=\"author\" content=\"Aline Silva\" \/>\n<meta name=\"twitter:card\" content=\"summary_large_image\" \/>\n<meta name=\"twitter:creator\" content=\"@knewin_\" \/>\n<meta name=\"twitter:site\" content=\"@knewin_\" \/>\n<meta name=\"twitter:label1\" content=\"Escrito por\" \/>\n\t<meta name=\"twitter:data1\" content=\"Aline Silva\" \/>\n\t<meta name=\"twitter:label2\" content=\"Tiempo de lectura\" \/>\n\t<meta name=\"twitter:data2\" content=\"4 minutos\" \/>\n<script type=\"application\/ld+json\" class=\"yoast-schema-graph\">{\"@context\":\"https:\\\/\\\/schema.org\",\"@graph\":[{\"@type\":[\"Article\",\"BlogPosting\"],\"@id\":\"https:\\\/\\\/www.knewin.com\\\/es\\\/blog\\\/monitoreo-de-noticias-y-relaciones-publicas\\\/#article\",\"isPartOf\":{\"@id\":\"https:\\\/\\\/www.knewin.com\\\/es\\\/blog\\\/monitoreo-de-noticias-y-relaciones-publicas\\\/\"},\"author\":{\"name\":\"Aline Silva\",\"@id\":\"https:\\\/\\\/www.knewin.com\\\/#\\\/schema\\\/person\\\/ee71f003995c0b672c6a3328797faf1d\"},\"headline\":\"\u00bfC\u00f3mo el monitoreo de noticias fortalece el trabajo de relaciones p\u00fablicas?\",\"datePublished\":\"2021-02-12T18:50:30+00:00\",\"dateModified\":\"2024-09-03T20:50:48+00:00\",\"mainEntityOfPage\":{\"@id\":\"https:\\\/\\\/www.knewin.com\\\/es\\\/blog\\\/monitoreo-de-noticias-y-relaciones-publicas\\\/\"},\"wordCount\":708,\"commentCount\":0,\"publisher\":{\"@id\":\"https:\\\/\\\/www.knewin.com\\\/#organization\"},\"image\":{\"@id\":\"https:\\\/\\\/www.knewin.com\\\/es\\\/blog\\\/monitoreo-de-noticias-y-relaciones-publicas\\\/#primaryimage\"},\"thumbnailUrl\":\"https:\\\/\\\/www.knewin.com\\\/wp-content\\\/uploads\\\/2024\\\/03\\\/monitoreo-de-noticias-3.png\",\"keywords\":[\"estrategias de PR\",\"evoluci\u00f3n del monitoreo de medios\",\"monitoreo de noticias\",\"PR\",\"relaciones p\u00fablicas\"],\"articleSection\":[\"Monitoreo de Medios\",\"Sin categorizar\"],\"inLanguage\":\"es\",\"potentialAction\":[{\"@type\":\"CommentAction\",\"name\":\"Comment\",\"target\":[\"https:\\\/\\\/www.knewin.com\\\/es\\\/blog\\\/monitoreo-de-noticias-y-relaciones-publicas\\\/#respond\"]}]},{\"@type\":\"WebPage\",\"@id\":\"https:\\\/\\\/www.knewin.com\\\/es\\\/blog\\\/monitoreo-de-noticias-y-relaciones-publicas\\\/\",\"url\":\"https:\\\/\\\/www.knewin.com\\\/es\\\/blog\\\/monitoreo-de-noticias-y-relaciones-publicas\\\/\",\"name\":\"\u00bfC\u00f3mo el monitoreo de noticias fortalece el trabajo de relaciones p\u00fablicas? - Knewin\",\"isPartOf\":{\"@id\":\"https:\\\/\\\/www.knewin.com\\\/#website\"},\"primaryImageOfPage\":{\"@id\":\"https:\\\/\\\/www.knewin.com\\\/es\\\/blog\\\/monitoreo-de-noticias-y-relaciones-publicas\\\/#primaryimage\"},\"image\":{\"@id\":\"https:\\\/\\\/www.knewin.com\\\/es\\\/blog\\\/monitoreo-de-noticias-y-relaciones-publicas\\\/#primaryimage\"},\"thumbnailUrl\":\"https:\\\/\\\/www.knewin.com\\\/wp-content\\\/uploads\\\/2024\\\/03\\\/monitoreo-de-noticias-3.png\",\"datePublished\":\"2021-02-12T18:50:30+00:00\",\"dateModified\":\"2024-09-03T20:50:48+00:00\",\"description\":\"el \u00e9xito de las relaciones p\u00fablicas reside en una actividad que requiere de sus propios mecanismos y metodolog\u00eda: el monitoreo de noticias.\",\"breadcrumb\":{\"@id\":\"https:\\\/\\\/www.knewin.com\\\/es\\\/blog\\\/monitoreo-de-noticias-y-relaciones-publicas\\\/#breadcrumb\"},\"inLanguage\":\"es\",\"potentialAction\":[{\"@type\":\"ReadAction\",\"target\":[\"https:\\\/\\\/www.knewin.com\\\/es\\\/blog\\\/monitoreo-de-noticias-y-relaciones-publicas\\\/\"]}]},{\"@type\":\"ImageObject\",\"inLanguage\":\"es\",\"@id\":\"https:\\\/\\\/www.knewin.com\\\/es\\\/blog\\\/monitoreo-de-noticias-y-relaciones-publicas\\\/#primaryimage\",\"url\":\"https:\\\/\\\/www.knewin.com\\\/wp-content\\\/uploads\\\/2024\\\/03\\\/monitoreo-de-noticias-3.png\",\"contentUrl\":\"https:\\\/\\\/www.knewin.com\\\/wp-content\\\/uploads\\\/2024\\\/03\\\/monitoreo-de-noticias-3.png\",\"width\":1200,\"height\":600,\"caption\":\"monitoreo de noticias\"},{\"@type\":\"BreadcrumbList\",\"@id\":\"https:\\\/\\\/www.knewin.com\\\/es\\\/blog\\\/monitoreo-de-noticias-y-relaciones-publicas\\\/#breadcrumb\",\"itemListElement\":[{\"@type\":\"ListItem\",\"position\":1,\"name\":\"In\u00edcio\",\"item\":\"https:\\\/\\\/www.knewin.com\\\/es\\\/\"},{\"@type\":\"ListItem\",\"position\":2,\"name\":\"\u00bfC\u00f3mo el monitoreo de noticias fortalece el trabajo de relaciones p\u00fablicas?\"}]},{\"@type\":\"WebSite\",\"@id\":\"https:\\\/\\\/www.knewin.com\\\/#website\",\"url\":\"https:\\\/\\\/www.knewin.com\\\/\",\"name\":\"Knewin\",\"description\":\"A maior empresa de tecnologia e dados para gest\u00e3o de reputa\u00e7\u00e3o na Am\u00e9rica Latina.\",\"publisher\":{\"@id\":\"https:\\\/\\\/www.knewin.com\\\/#organization\"},\"alternateName\":\"Knewin - Tecnologia e dados para gest\u00e3o de reputa\u00e7\u00e3o\",\"potentialAction\":[{\"@type\":\"SearchAction\",\"target\":{\"@type\":\"EntryPoint\",\"urlTemplate\":\"https:\\\/\\\/www.knewin.com\\\/?s={search_term_string}\"},\"query-input\":{\"@type\":\"PropertyValueSpecification\",\"valueRequired\":true,\"valueName\":\"search_term_string\"}}],\"inLanguage\":\"es\"},{\"@type\":\"Organization\",\"@id\":\"https:\\\/\\\/www.knewin.com\\\/#organization\",\"name\":\"Knewin\",\"alternateName\":\"Knewin - A maior empresa de tecnologia e dados para gest\u00e3o de reputa\u00e7\u00e3o\",\"url\":\"https:\\\/\\\/www.knewin.com\\\/\",\"logo\":{\"@type\":\"ImageObject\",\"inLanguage\":\"es\",\"@id\":\"https:\\\/\\\/www.knewin.com\\\/#\\\/schema\\\/logo\\\/image\\\/\",\"url\":\"https:\\\/\\\/knewin.com\\\/wp-content\\\/uploads\\\/2025\\\/01\\\/Knewin-imagem-home.webp\",\"contentUrl\":\"https:\\\/\\\/knewin.com\\\/wp-content\\\/uploads\\\/2025\\\/01\\\/Knewin-imagem-home.webp\",\"width\":600,\"height\":600,\"caption\":\"Knewin\"},\"image\":{\"@id\":\"https:\\\/\\\/www.knewin.com\\\/#\\\/schema\\\/logo\\\/image\\\/\"},\"sameAs\":[\"https:\\\/\\\/www.facebook.com\\\/knewinoficial\\\/\",\"https:\\\/\\\/x.com\\\/knewin_\",\"https:\\\/\\\/www.instagram.com\\\/knewinoficial\\\/\",\"https:\\\/\\\/www.linkedin.com\\\/company\\\/knewinoficial\",\"https:\\\/\\\/www.youtube.com\\\/@knewinoficial\"],\"description\":\"A Knewin foi fundada em 2011 com o prop\u00f3sito de melhorar a sociedade por meio de empresas respons\u00e1veis e comprometidas com os seus p\u00fablicos. Para conquistar esse objetivo, investiu em tecnologias de intelig\u00eancia de dados e intelig\u00eancia artificial para traduzir dados em sentimentos dos stakeholders.\",\"foundingDate\":\"2011-02-01\"},{\"@type\":\"Person\",\"@id\":\"https:\\\/\\\/www.knewin.com\\\/#\\\/schema\\\/person\\\/ee71f003995c0b672c6a3328797faf1d\",\"name\":\"Aline Silva\",\"image\":{\"@type\":\"ImageObject\",\"inLanguage\":\"es\",\"@id\":\"https:\\\/\\\/secure.gravatar.com\\\/avatar\\\/802088e385e2ba060dec8e5550a1c1ce2155a18d41cd0ef5553617a3c793967b?s=96&d=mm&r=g\",\"url\":\"https:\\\/\\\/secure.gravatar.com\\\/avatar\\\/802088e385e2ba060dec8e5550a1c1ce2155a18d41cd0ef5553617a3c793967b?s=96&d=mm&r=g\",\"contentUrl\":\"https:\\\/\\\/secure.gravatar.com\\\/avatar\\\/802088e385e2ba060dec8e5550a1c1ce2155a18d41cd0ef5553617a3c793967b?s=96&d=mm&r=g\",\"caption\":\"Aline Silva\"},\"url\":\"https:\\\/\\\/www.knewin.com\\\/es\\\/blog\\\/author\\\/aline-silva\\\/\"}]}<\/script>\n<!-- \/ Yoast SEO Premium plugin. -->","yoast_head_json":{"title":"\u00bfC\u00f3mo el monitoreo de noticias fortalece el trabajo de relaciones p\u00fablicas? - Knewin","description":"el \u00e9xito de las relaciones p\u00fablicas reside en una actividad que requiere de sus propios mecanismos y metodolog\u00eda: el monitoreo de noticias.","robots":{"index":"index","follow":"follow","max-snippet":"max-snippet:-1","max-image-preview":"max-image-preview:large","max-video-preview":"max-video-preview:-1"},"canonical":"https:\/\/www.knewin.com\/es\/blog\/monitoreo-de-noticias-y-relaciones-publicas\/","og_locale":"es_ES","og_type":"article","og_title":"\u00bfC\u00f3mo el monitoreo de noticias fortalece el trabajo de relaciones p\u00fablicas?","og_description":"el \u00e9xito de las relaciones p\u00fablicas reside en una actividad que requiere de sus propios mecanismos y metodolog\u00eda: el monitoreo de noticias.","og_url":"https:\/\/www.knewin.com\/es\/blog\/monitoreo-de-noticias-y-relaciones-publicas\/","og_site_name":"Knewin","article_publisher":"https:\/\/www.facebook.com\/knewinoficial\/","article_published_time":"2021-02-12T18:50:30+00:00","article_modified_time":"2024-09-03T20:50:48+00:00","og_image":[{"width":1200,"height":600,"url":"https:\/\/www.knewin.com\/wp-content\/uploads\/2024\/03\/monitoreo-de-noticias-3.png","type":"image\/png"}],"author":"Aline Silva","twitter_card":"summary_large_image","twitter_creator":"@knewin_","twitter_site":"@knewin_","twitter_misc":{"Escrito por":"Aline Silva","Tiempo de lectura":"4 minutos"},"schema":{"@context":"https:\/\/schema.org","@graph":[{"@type":["Article","BlogPosting"],"@id":"https:\/\/www.knewin.com\/es\/blog\/monitoreo-de-noticias-y-relaciones-publicas\/#article","isPartOf":{"@id":"https:\/\/www.knewin.com\/es\/blog\/monitoreo-de-noticias-y-relaciones-publicas\/"},"author":{"name":"Aline Silva","@id":"https:\/\/www.knewin.com\/#\/schema\/person\/ee71f003995c0b672c6a3328797faf1d"},"headline":"\u00bfC\u00f3mo el monitoreo de noticias fortalece el trabajo de relaciones p\u00fablicas?","datePublished":"2021-02-12T18:50:30+00:00","dateModified":"2024-09-03T20:50:48+00:00","mainEntityOfPage":{"@id":"https:\/\/www.knewin.com\/es\/blog\/monitoreo-de-noticias-y-relaciones-publicas\/"},"wordCount":708,"commentCount":0,"publisher":{"@id":"https:\/\/www.knewin.com\/#organization"},"image":{"@id":"https:\/\/www.knewin.com\/es\/blog\/monitoreo-de-noticias-y-relaciones-publicas\/#primaryimage"},"thumbnailUrl":"https:\/\/www.knewin.com\/wp-content\/uploads\/2024\/03\/monitoreo-de-noticias-3.png","keywords":["estrategias de PR","evoluci\u00f3n del monitoreo de medios","monitoreo de noticias","PR","relaciones p\u00fablicas"],"articleSection":["Monitoreo de Medios","Sin categorizar"],"inLanguage":"es","potentialAction":[{"@type":"CommentAction","name":"Comment","target":["https:\/\/www.knewin.com\/es\/blog\/monitoreo-de-noticias-y-relaciones-publicas\/#respond"]}]},{"@type":"WebPage","@id":"https:\/\/www.knewin.com\/es\/blog\/monitoreo-de-noticias-y-relaciones-publicas\/","url":"https:\/\/www.knewin.com\/es\/blog\/monitoreo-de-noticias-y-relaciones-publicas\/","name":"\u00bfC\u00f3mo el monitoreo de noticias fortalece el trabajo de relaciones p\u00fablicas? - Knewin","isPartOf":{"@id":"https:\/\/www.knewin.com\/#website"},"primaryImageOfPage":{"@id":"https:\/\/www.knewin.com\/es\/blog\/monitoreo-de-noticias-y-relaciones-publicas\/#primaryimage"},"image":{"@id":"https:\/\/www.knewin.com\/es\/blog\/monitoreo-de-noticias-y-relaciones-publicas\/#primaryimage"},"thumbnailUrl":"https:\/\/www.knewin.com\/wp-content\/uploads\/2024\/03\/monitoreo-de-noticias-3.png","datePublished":"2021-02-12T18:50:30+00:00","dateModified":"2024-09-03T20:50:48+00:00","description":"el \u00e9xito de las relaciones p\u00fablicas reside en una actividad que requiere de sus propios mecanismos y metodolog\u00eda: el monitoreo de noticias.","breadcrumb":{"@id":"https:\/\/www.knewin.com\/es\/blog\/monitoreo-de-noticias-y-relaciones-publicas\/#breadcrumb"},"inLanguage":"es","potentialAction":[{"@type":"ReadAction","target":["https:\/\/www.knewin.com\/es\/blog\/monitoreo-de-noticias-y-relaciones-publicas\/"]}]},{"@type":"ImageObject","inLanguage":"es","@id":"https:\/\/www.knewin.com\/es\/blog\/monitoreo-de-noticias-y-relaciones-publicas\/#primaryimage","url":"https:\/\/www.knewin.com\/wp-content\/uploads\/2024\/03\/monitoreo-de-noticias-3.png","contentUrl":"https:\/\/www.knewin.com\/wp-content\/uploads\/2024\/03\/monitoreo-de-noticias-3.png","width":1200,"height":600,"caption":"monitoreo de noticias"},{"@type":"BreadcrumbList","@id":"https:\/\/www.knewin.com\/es\/blog\/monitoreo-de-noticias-y-relaciones-publicas\/#breadcrumb","itemListElement":[{"@type":"ListItem","position":1,"name":"In\u00edcio","item":"https:\/\/www.knewin.com\/es\/"},{"@type":"ListItem","position":2,"name":"\u00bfC\u00f3mo el monitoreo de noticias fortalece el trabajo de relaciones p\u00fablicas?"}]},{"@type":"WebSite","@id":"https:\/\/www.knewin.com\/#website","url":"https:\/\/www.knewin.com\/","name":"Knewin","description":"A maior empresa de tecnologia e dados para gest\u00e3o de reputa\u00e7\u00e3o na Am\u00e9rica Latina.","publisher":{"@id":"https:\/\/www.knewin.com\/#organization"},"alternateName":"Knewin - Tecnologia e dados para gest\u00e3o de reputa\u00e7\u00e3o","potentialAction":[{"@type":"SearchAction","target":{"@type":"EntryPoint","urlTemplate":"https:\/\/www.knewin.com\/?s={search_term_string}"},"query-input":{"@type":"PropertyValueSpecification","valueRequired":true,"valueName":"search_term_string"}}],"inLanguage":"es"},{"@type":"Organization","@id":"https:\/\/www.knewin.com\/#organization","name":"Knewin","alternateName":"Knewin - A maior empresa de tecnologia e dados para gest\u00e3o de reputa\u00e7\u00e3o","url":"https:\/\/www.knewin.com\/","logo":{"@type":"ImageObject","inLanguage":"es","@id":"https:\/\/www.knewin.com\/#\/schema\/logo\/image\/","url":"https:\/\/knewin.com\/wp-content\/uploads\/2025\/01\/Knewin-imagem-home.webp","contentUrl":"https:\/\/knewin.com\/wp-content\/uploads\/2025\/01\/Knewin-imagem-home.webp","width":600,"height":600,"caption":"Knewin"},"image":{"@id":"https:\/\/www.knewin.com\/#\/schema\/logo\/image\/"},"sameAs":["https:\/\/www.facebook.com\/knewinoficial\/","https:\/\/x.com\/knewin_","https:\/\/www.instagram.com\/knewinoficial\/","https:\/\/www.linkedin.com\/company\/knewinoficial","https:\/\/www.youtube.com\/@knewinoficial"],"description":"A Knewin foi fundada em 2011 com o prop\u00f3sito de melhorar a sociedade por meio de empresas respons\u00e1veis e comprometidas com os seus p\u00fablicos. Para conquistar esse objetivo, investiu em tecnologias de intelig\u00eancia de dados e intelig\u00eancia artificial para traduzir dados em sentimentos dos stakeholders.","foundingDate":"2011-02-01"},{"@type":"Person","@id":"https:\/\/www.knewin.com\/#\/schema\/person\/ee71f003995c0b672c6a3328797faf1d","name":"Aline Silva","image":{"@type":"ImageObject","inLanguage":"es","@id":"https:\/\/secure.gravatar.com\/avatar\/802088e385e2ba060dec8e5550a1c1ce2155a18d41cd0ef5553617a3c793967b?s=96&d=mm&r=g","url":"https:\/\/secure.gravatar.com\/avatar\/802088e385e2ba060dec8e5550a1c1ce2155a18d41cd0ef5553617a3c793967b?s=96&d=mm&r=g","contentUrl":"https:\/\/secure.gravatar.com\/avatar\/802088e385e2ba060dec8e5550a1c1ce2155a18d41cd0ef5553617a3c793967b?s=96&d=mm&r=g","caption":"Aline Silva"},"url":"https:\/\/www.knewin.com\/es\/blog\/author\/aline-silva\/"}]}},"_links":{"self":[{"href":"https:\/\/www.knewin.com\/es\/wp-json\/wp\/v2\/posts\/2070","targetHints":{"allow":["GET"]}}],"collection":[{"href":"https:\/\/www.knewin.com\/es\/wp-json\/wp\/v2\/posts"}],"about":[{"href":"https:\/\/www.knewin.com\/es\/wp-json\/wp\/v2\/types\/post"}],"author":[{"embeddable":true,"href":"https:\/\/www.knewin.com\/es\/wp-json\/wp\/v2\/users\/6"}],"replies":[{"embeddable":true,"href":"https:\/\/www.knewin.com\/es\/wp-json\/wp\/v2\/comments?post=2070"}],"version-history":[{"count":0,"href":"https:\/\/www.knewin.com\/es\/wp-json\/wp\/v2\/posts\/2070\/revisions"}],"wp:featuredmedia":[{"embeddable":true,"href":"https:\/\/www.knewin.com\/es\/wp-json\/wp\/v2\/media\/24364"}],"wp:attachment":[{"href":"https:\/\/www.knewin.com\/es\/wp-json\/wp\/v2\/media?parent=2070"}],"wp:term":[{"taxonomy":"category","embeddable":true,"href":"https:\/\/www.knewin.com\/es\/wp-json\/wp\/v2\/categories?post=2070"},{"taxonomy":"post_tag","embeddable":true,"href":"https:\/\/www.knewin.com\/es\/wp-json\/wp\/v2\/tags?post=2070"}],"curies":[{"name":"wp","href":"https:\/\/api.w.org\/{rel}","templated":true}]}}