{"id":2146,"date":"2021-07-02T10:26:21","date_gmt":"2021-07-02T13:26:21","guid":{"rendered":"https:\/\/fsantosteste.com\/knewin-talks-analisis-en-sector-automotriz\/"},"modified":"2024-09-03T20:20:23","modified_gmt":"2024-09-03T23:20:23","slug":"knewin-talks-analisis-en-sector-automotriz","status":"publish","type":"post","link":"https:\/\/www.knewin.com\/es\/blog\/knewin-talks-analisis-en-sector-automotriz\/","title":{"rendered":"[Knewin Talks] An\u00e1lisis en Sector Automotriz"},"content":{"rendered":"\n<p><strong>El sector automotriz es un segmento de la industria muy delicado para realizar an\u00e1lisis de comunicaci\u00f3n. <\/strong>Despu\u00e9s de todo, la gesti\u00f3n de crisis en estas empresas representa un momento de vulnerabilidad, en el que deben ser muy \u00e1giles para contener la situaci\u00f3n.<\/p>\n\n\n\n<p>En este contexto, el pasado jueves 24 de junio de 2021 <a href=\"https:\/\/knewin.com\/es\/\" target=\"_blank\" rel=\"noreferrer noopener\">Knewin<\/a> fue el anfitri\u00f3n de un Webinar en vivo llamado <a href=\"https:\/\/www.youtube.com\/watch?v=vmjcJdYBHp8\" target=\"_blank\" rel=\"noreferrer noopener\"><em>\u201cDesaf\u00edos de Comunicaci\u00f3n en el Sector Automotriz\u201d<\/em><\/a> en el cual participaron <a href=\"mailto:john.villafane@knewin.com\">John Villafa\u00f1e<\/a>, Business Development Manager U.S. &amp; Latam de Knewin, Kristel Kuri Gerente Sr. de Comunicaci\u00f3n Corporativa en Nissan Motor Corporation y fue presentado por Leonardo Rios, VP Latam de Knewin.<\/p>\n\n\n\n<p>Este evento, fue muy rico en contenido ya que se habl\u00f3 sobre cu\u00e1les han sido las principales lecciones aprendidas de la pandemia y el aislamiento social para el \u00e1rea de comunicaci\u00f3n del sector del autom\u00f3vil. Pero sobre todas las cosas tambi\u00e9n preguntarnos<strong> \u201c<em>\u00bfy qu\u00e9 podemos esperar a partir de ahora?\u201d<\/em><\/strong><\/p>\n\n\n\n<h2 class=\"wp-block-heading\" id=\"h-el-sector-automotriz-y-la-transformaci-n-digital\"><strong>El sector Automotriz y la transformaci\u00f3n digital<\/strong><\/h2>\n\n\n\n<p>En este contexto,<strong> se resalt\u00f3 la importancia de las herramientas digitales dentro del entorno de Covid-19, las cuales son utilizadas por empresas del sector para adaptarse a estas caracter\u00edsticas mundiales. <\/strong><\/p>\n\n\n\n<p>Usando dos ejemplos claros de plataformas tecnol\u00f3gicas apoyadas por tecnolog\u00edas artificiales como <a href=\"https:\/\/knewin.com\/es\/producto\/knewin-monitoring\/\" target=\"_blank\" rel=\"noreferrer noopener\">Knewin Monitoring<\/a> y <a href=\"https:\/\/knewin.com\/es\/producto\/knewin-social\/\" target=\"_blank\" rel=\"noreferrer noopener\">Knewin Social<\/a>, John explic\u00f3 c\u00f3mo estos desaf\u00edos afectaron a varias industrias dentro de Latinoam\u00e9rica, particularmente dentro de la industria automotriz es importante saber que se habla alrededor de ciertos temas dentro de las redes sociales y medios de comunicaci\u00f3n online.&nbsp;<\/p>\n\n\n\n<p>Para ponerle gu\u00eda a la explicaci\u00f3n, los temas elegidos fueron tres:&nbsp;<\/p>\n\n\n\n<ol class=\"wp-block-list\"><li><strong>Movilidad El\u00e9ctrica<\/strong><\/li><li><strong>Asistentes de Conducci\u00f3n&nbsp;<\/strong><\/li><li><strong>Cambio de Energ\u00eda<\/strong><\/li><\/ol>\n\n\n\n<p>Con el objetivo de ser asertivo, hay que ser estrat\u00e9gico. Por ello, dicho reporte fue monitoreado los \u00faltimos 30 d\u00edas previos a la presentaci\u00f3n (22\/05 &#8211; 22\/06), dentro de sitios webs, blogs y redes sociales (Twitter y Facebook) en cuatro regiones estrat\u00e9gicas de Am\u00e9rica Latina:&nbsp;<\/p>\n\n\n\n<ol class=\"wp-block-list\"><li><strong>M\u00e9xico<\/strong><\/li><li><strong>Centro Am\u00e9rica (Sin caribe)<\/strong><\/li><li><strong>Andina&nbsp;<\/strong><\/li><li><strong>Cono Sur<\/strong><\/li><\/ol>\n\n\n\n<h3 class=\"wp-block-heading\" id=\"h-las-variables-analizadas\"><strong>Las variables analizadas<\/strong><\/h3>\n\n\n\n<p>En Knewin existen m\u00e1s de 15 variables de an\u00e1lisis, pero en esta ocasi\u00f3n se utilizaron solamente tres, <strong>Volumen y Tono, Principales Temas y Actores Medi\u00e1ticos. <\/strong>Los resultados fueron asombrosos y la conversaci\u00f3n se volc\u00f3 a analizar en conjunto el contexto de los tres pilares.&nbsp;&nbsp;<\/p>\n\n\n\n<p>Y aqu\u00ed dejamos una frase que nos gusta evangelizar,&nbsp; <strong>el monitoreo de noticias es una fuente de informaci\u00f3n valiosa para prevenir, gestionar y monitorear escenarios de crisis.<\/strong> <\/p>\n\n\n\n<p>Entonces, estar atento a las menciones negativas, positivas o neutras y tambi\u00e9n, a la cantidad de noticias es importante para entender qu\u00e9 est\u00e1 sucediendo con su marca en estos contextos de constante evoluci\u00f3n digital.<\/p>\n\n\n\n<p>Dentro de la presentaci\u00f3n, encontramos noticias y conversaciones que identificaron qu\u00e9 tan relevantes son los temas y las dividimos en volumen total de contenidos, En relaci\u00f3n a los principales temas, revisamos cu\u00e1les son los de mayor relevancia y cu\u00e1les pueden estar asociados a los temas objetivo. <\/p>\n\n\n\n<p>Para ello, volcamos el resultado en nubes de palabras para que sea m\u00e1s sencilla su comprensi\u00f3n y visualizaci\u00f3n.&nbsp;<\/p>\n\n\n\n<p>Por \u00faltimo, <strong>generamos un Ranking TOP 5 de actores medi\u00e1ticos y l\u00edderes de opini\u00f3n en redes sociales. All\u00ed logramos identificar una caracter\u00edstica importante que no podemos pasar por alto. <\/strong><\/p>\n\n\n\n<p>A veces, existen actores dentro de la discusi\u00f3n que tienen caracter\u00edsticas de representar otros nichos de mercado pero que, en conjunto con sus pares, logran un engagement tal que logran liderar las discusiones en este campo de an\u00e1lisis.<\/p>\n\n\n\n<p>En resumen, cada dato y hecho digital cuenta para la reputaci\u00f3n y an\u00e1lisis de las acciones de comunicaci\u00f3n. <strong><a href=\"https:\/\/f.hubspotusercontent30.net\/hubfs\/2781332\/Retos%20para%20el%20sector%20automotriz.pdf\" target=\"_blank\" rel=\"noreferrer noopener\">Es por eso que invitamos a visualizar la presentaci\u00f3n completa aqu\u00ed. <\/a><\/strong><\/p>\n\n\n\n<p>Si usted est\u00e1 interesado en saber m\u00e1s sobre c\u00f3mo combinar la estrategia de monitoreo con la transformaci\u00f3n digital, <strong><a href=\"https:\/\/knewin.com\/es\/contacto\/\" target=\"_blank\" rel=\"noreferrer noopener\">p\u00f3ngase en contacto con Knewin.<\/a><\/strong><\/p>\n\n\n\n<figure class=\"wp-block-image size-large\"><a href=\"https:\/\/knewin.com\/es\/contacto\/\" target=\"_blank\" rel=\"noopener\"><img decoding=\"async\" src=\"https:\/\/knewin.com\/wp-content\/uploads\/2021\/07\/monitore-midias-sociais-com-agilidade-e-cuide-da-reputacao-de-marcas-1-1024x311.png\" alt=\"\" class=\"wp-image-13893\"\/><\/a><\/figure>\n\n\n\n<p><\/p>\n","protected":false},"excerpt":{"rendered":"<p>El sector automotriz es un segmento de la industria muy delicado para realizar an\u00e1lisis de comunicaci\u00f3n. Despu\u00e9s de todo, la gesti\u00f3n de crisis en estas empresas representa un momento de vulnerabilidad, en el que deben ser muy \u00e1giles para contener la situaci\u00f3n. En este contexto, el pasado jueves 24 de junio de 2021 Knewin fue [&hellip;]<\/p>\n","protected":false},"author":6,"featured_media":23719,"comment_status":"open","ping_status":"open","sticky":false,"template":"","format":"standard","meta":{"footnotes":""},"categories":[1063],"tags":[1496,1498,1497,1495,1499],"class_list":["post-2146","post","type-post","status-publish","format-standard","has-post-thumbnail","hentry","category-institucional-es","tag-analisis-de-comunicacion","tag-desafios-de-comunicacion","tag-gestion-de-crisis-automotriz","tag-sector-automotriz","tag-webinar-sector-automotriz"],"yoast_head":"<!-- This site is optimized with the Yoast SEO Premium plugin v27.0 (Yoast SEO v27.3) - https:\/\/yoast.com\/product\/yoast-seo-premium-wordpress\/ -->\n<title>[Knewin Talks] An\u00e1lisis en Sector Automotriz - Knewin<\/title>\n<meta name=\"description\" content=\"Consulta el an\u00e1lisis de Knewin sobre el sector automotriz en las noticias y los medios sociales de mayo a junio de 2021.\" \/>\n<meta name=\"robots\" content=\"index, follow, max-snippet:-1, max-image-preview:large, max-video-preview:-1\" \/>\n<link rel=\"canonical\" href=\"https:\/\/www.knewin.com\/es\/blog\/knewin-talks-analisis-en-sector-automotriz\/\" \/>\n<meta property=\"og:locale\" content=\"es_ES\" \/>\n<meta property=\"og:type\" content=\"article\" \/>\n<meta property=\"og:title\" content=\"[Knewin Talks] An\u00e1lisis en Sector Automotriz\" \/>\n<meta property=\"og:description\" content=\"Consulta el an\u00e1lisis de Knewin sobre el sector automotriz en las noticias y los medios sociales de mayo a junio de 2021.\" \/>\n<meta property=\"og:url\" content=\"https:\/\/www.knewin.com\/es\/blog\/knewin-talks-analisis-en-sector-automotriz\/\" \/>\n<meta property=\"og:site_name\" content=\"Knewin\" \/>\n<meta property=\"article:publisher\" content=\"https:\/\/www.facebook.com\/knewinoficial\/\" \/>\n<meta property=\"article:published_time\" content=\"2021-07-02T13:26:21+00:00\" \/>\n<meta property=\"article:modified_time\" content=\"2024-09-03T23:20:23+00:00\" \/>\n<meta property=\"og:image\" content=\"https:\/\/www.knewin.com\/wp-content\/uploads\/2024\/03\/Sector-Automotriz-scaled.jpg\" \/>\n\t<meta property=\"og:image:width\" content=\"2560\" \/>\n\t<meta property=\"og:image:height\" content=\"1707\" \/>\n\t<meta property=\"og:image:type\" content=\"image\/jpeg\" \/>\n<meta name=\"author\" content=\"Aline Silva\" \/>\n<meta name=\"twitter:card\" content=\"summary_large_image\" \/>\n<meta name=\"twitter:creator\" content=\"@knewin_\" \/>\n<meta name=\"twitter:site\" content=\"@knewin_\" \/>\n<meta name=\"twitter:label1\" content=\"Escrito por\" \/>\n\t<meta name=\"twitter:data1\" content=\"Aline Silva\" \/>\n\t<meta name=\"twitter:label2\" content=\"Tiempo de lectura\" \/>\n\t<meta name=\"twitter:data2\" content=\"4 minutos\" \/>\n<script type=\"application\/ld+json\" class=\"yoast-schema-graph\">{\"@context\":\"https:\\\/\\\/schema.org\",\"@graph\":[{\"@type\":[\"Article\",\"BlogPosting\"],\"@id\":\"https:\\\/\\\/www.knewin.com\\\/es\\\/blog\\\/knewin-talks-analisis-en-sector-automotriz\\\/#article\",\"isPartOf\":{\"@id\":\"https:\\\/\\\/www.knewin.com\\\/es\\\/blog\\\/knewin-talks-analisis-en-sector-automotriz\\\/\"},\"author\":{\"name\":\"Aline Silva\",\"@id\":\"https:\\\/\\\/www.knewin.com\\\/#\\\/schema\\\/person\\\/ee71f003995c0b672c6a3328797faf1d\"},\"headline\":\"[Knewin Talks] An\u00e1lisis en Sector Automotriz\",\"datePublished\":\"2021-07-02T13:26:21+00:00\",\"dateModified\":\"2024-09-03T23:20:23+00:00\",\"mainEntityOfPage\":{\"@id\":\"https:\\\/\\\/www.knewin.com\\\/es\\\/blog\\\/knewin-talks-analisis-en-sector-automotriz\\\/\"},\"wordCount\":684,\"commentCount\":0,\"publisher\":{\"@id\":\"https:\\\/\\\/www.knewin.com\\\/#organization\"},\"image\":{\"@id\":\"https:\\\/\\\/www.knewin.com\\\/es\\\/blog\\\/knewin-talks-analisis-en-sector-automotriz\\\/#primaryimage\"},\"thumbnailUrl\":\"https:\\\/\\\/www.knewin.com\\\/wp-content\\\/uploads\\\/2024\\\/03\\\/Sector-Automotriz-scaled.jpg\",\"keywords\":[\"an\u00e1lisis de comunicaci\u00f3n\",\"desaf\u00edos de comunicaci\u00f3n\",\"gesti\u00f3n de crisis automotriz\",\"sector automotriz\",\"webinar sector automotriz\"],\"articleSection\":[\"Institucional\"],\"inLanguage\":\"es\",\"potentialAction\":[{\"@type\":\"CommentAction\",\"name\":\"Comment\",\"target\":[\"https:\\\/\\\/www.knewin.com\\\/es\\\/blog\\\/knewin-talks-analisis-en-sector-automotriz\\\/#respond\"]}]},{\"@type\":\"WebPage\",\"@id\":\"https:\\\/\\\/www.knewin.com\\\/es\\\/blog\\\/knewin-talks-analisis-en-sector-automotriz\\\/\",\"url\":\"https:\\\/\\\/www.knewin.com\\\/es\\\/blog\\\/knewin-talks-analisis-en-sector-automotriz\\\/\",\"name\":\"[Knewin Talks] An\u00e1lisis en Sector Automotriz - Knewin\",\"isPartOf\":{\"@id\":\"https:\\\/\\\/www.knewin.com\\\/#website\"},\"primaryImageOfPage\":{\"@id\":\"https:\\\/\\\/www.knewin.com\\\/es\\\/blog\\\/knewin-talks-analisis-en-sector-automotriz\\\/#primaryimage\"},\"image\":{\"@id\":\"https:\\\/\\\/www.knewin.com\\\/es\\\/blog\\\/knewin-talks-analisis-en-sector-automotriz\\\/#primaryimage\"},\"thumbnailUrl\":\"https:\\\/\\\/www.knewin.com\\\/wp-content\\\/uploads\\\/2024\\\/03\\\/Sector-Automotriz-scaled.jpg\",\"datePublished\":\"2021-07-02T13:26:21+00:00\",\"dateModified\":\"2024-09-03T23:20:23+00:00\",\"description\":\"Consulta el an\u00e1lisis de Knewin sobre el sector automotriz en las noticias y los medios sociales de mayo a junio de 2021.\",\"breadcrumb\":{\"@id\":\"https:\\\/\\\/www.knewin.com\\\/es\\\/blog\\\/knewin-talks-analisis-en-sector-automotriz\\\/#breadcrumb\"},\"inLanguage\":\"es\",\"potentialAction\":[{\"@type\":\"ReadAction\",\"target\":[\"https:\\\/\\\/www.knewin.com\\\/es\\\/blog\\\/knewin-talks-analisis-en-sector-automotriz\\\/\"]}]},{\"@type\":\"ImageObject\",\"inLanguage\":\"es\",\"@id\":\"https:\\\/\\\/www.knewin.com\\\/es\\\/blog\\\/knewin-talks-analisis-en-sector-automotriz\\\/#primaryimage\",\"url\":\"https:\\\/\\\/www.knewin.com\\\/wp-content\\\/uploads\\\/2024\\\/03\\\/Sector-Automotriz-scaled.jpg\",\"contentUrl\":\"https:\\\/\\\/www.knewin.com\\\/wp-content\\\/uploads\\\/2024\\\/03\\\/Sector-Automotriz-scaled.jpg\",\"width\":2560,\"height\":1707,\"caption\":\"sector automotriz\"},{\"@type\":\"BreadcrumbList\",\"@id\":\"https:\\\/\\\/www.knewin.com\\\/es\\\/blog\\\/knewin-talks-analisis-en-sector-automotriz\\\/#breadcrumb\",\"itemListElement\":[{\"@type\":\"ListItem\",\"position\":1,\"name\":\"In\u00edcio\",\"item\":\"https:\\\/\\\/www.knewin.com\\\/es\\\/\"},{\"@type\":\"ListItem\",\"position\":2,\"name\":\"[Knewin Talks] An\u00e1lisis en Sector Automotriz\"}]},{\"@type\":\"WebSite\",\"@id\":\"https:\\\/\\\/www.knewin.com\\\/#website\",\"url\":\"https:\\\/\\\/www.knewin.com\\\/\",\"name\":\"Knewin\",\"description\":\"A maior empresa de tecnologia e dados para gest\u00e3o de reputa\u00e7\u00e3o na Am\u00e9rica Latina.\",\"publisher\":{\"@id\":\"https:\\\/\\\/www.knewin.com\\\/#organization\"},\"alternateName\":\"Knewin - Tecnologia e dados para gest\u00e3o de reputa\u00e7\u00e3o\",\"potentialAction\":[{\"@type\":\"SearchAction\",\"target\":{\"@type\":\"EntryPoint\",\"urlTemplate\":\"https:\\\/\\\/www.knewin.com\\\/?s={search_term_string}\"},\"query-input\":{\"@type\":\"PropertyValueSpecification\",\"valueRequired\":true,\"valueName\":\"search_term_string\"}}],\"inLanguage\":\"es\"},{\"@type\":\"Organization\",\"@id\":\"https:\\\/\\\/www.knewin.com\\\/#organization\",\"name\":\"Knewin\",\"alternateName\":\"Knewin - A maior empresa de tecnologia e dados para gest\u00e3o de reputa\u00e7\u00e3o\",\"url\":\"https:\\\/\\\/www.knewin.com\\\/\",\"logo\":{\"@type\":\"ImageObject\",\"inLanguage\":\"es\",\"@id\":\"https:\\\/\\\/www.knewin.com\\\/#\\\/schema\\\/logo\\\/image\\\/\",\"url\":\"https:\\\/\\\/knewin.com\\\/wp-content\\\/uploads\\\/2025\\\/01\\\/Knewin-imagem-home.webp\",\"contentUrl\":\"https:\\\/\\\/knewin.com\\\/wp-content\\\/uploads\\\/2025\\\/01\\\/Knewin-imagem-home.webp\",\"width\":600,\"height\":600,\"caption\":\"Knewin\"},\"image\":{\"@id\":\"https:\\\/\\\/www.knewin.com\\\/#\\\/schema\\\/logo\\\/image\\\/\"},\"sameAs\":[\"https:\\\/\\\/www.facebook.com\\\/knewinoficial\\\/\",\"https:\\\/\\\/x.com\\\/knewin_\",\"https:\\\/\\\/www.instagram.com\\\/knewinoficial\\\/\",\"https:\\\/\\\/www.linkedin.com\\\/company\\\/knewinoficial\",\"https:\\\/\\\/www.youtube.com\\\/@knewinoficial\"],\"description\":\"A Knewin foi fundada em 2011 com o prop\u00f3sito de melhorar a sociedade por meio de empresas respons\u00e1veis e comprometidas com os seus p\u00fablicos. Para conquistar esse objetivo, investiu em tecnologias de intelig\u00eancia de dados e intelig\u00eancia artificial para traduzir dados em sentimentos dos stakeholders.\",\"foundingDate\":\"2011-02-01\"},{\"@type\":\"Person\",\"@id\":\"https:\\\/\\\/www.knewin.com\\\/#\\\/schema\\\/person\\\/ee71f003995c0b672c6a3328797faf1d\",\"name\":\"Aline Silva\",\"image\":{\"@type\":\"ImageObject\",\"inLanguage\":\"es\",\"@id\":\"https:\\\/\\\/secure.gravatar.com\\\/avatar\\\/802088e385e2ba060dec8e5550a1c1ce2155a18d41cd0ef5553617a3c793967b?s=96&d=mm&r=g\",\"url\":\"https:\\\/\\\/secure.gravatar.com\\\/avatar\\\/802088e385e2ba060dec8e5550a1c1ce2155a18d41cd0ef5553617a3c793967b?s=96&d=mm&r=g\",\"contentUrl\":\"https:\\\/\\\/secure.gravatar.com\\\/avatar\\\/802088e385e2ba060dec8e5550a1c1ce2155a18d41cd0ef5553617a3c793967b?s=96&d=mm&r=g\",\"caption\":\"Aline Silva\"},\"url\":\"https:\\\/\\\/www.knewin.com\\\/es\\\/blog\\\/author\\\/aline-silva\\\/\"}]}<\/script>\n<!-- \/ Yoast SEO Premium plugin. -->","yoast_head_json":{"title":"[Knewin Talks] An\u00e1lisis en Sector Automotriz - Knewin","description":"Consulta el an\u00e1lisis de Knewin sobre el sector automotriz en las noticias y los medios sociales de mayo a junio de 2021.","robots":{"index":"index","follow":"follow","max-snippet":"max-snippet:-1","max-image-preview":"max-image-preview:large","max-video-preview":"max-video-preview:-1"},"canonical":"https:\/\/www.knewin.com\/es\/blog\/knewin-talks-analisis-en-sector-automotriz\/","og_locale":"es_ES","og_type":"article","og_title":"[Knewin Talks] An\u00e1lisis en Sector Automotriz","og_description":"Consulta el an\u00e1lisis de Knewin sobre el sector automotriz en las noticias y los medios sociales de mayo a junio de 2021.","og_url":"https:\/\/www.knewin.com\/es\/blog\/knewin-talks-analisis-en-sector-automotriz\/","og_site_name":"Knewin","article_publisher":"https:\/\/www.facebook.com\/knewinoficial\/","article_published_time":"2021-07-02T13:26:21+00:00","article_modified_time":"2024-09-03T23:20:23+00:00","og_image":[{"width":2560,"height":1707,"url":"https:\/\/www.knewin.com\/wp-content\/uploads\/2024\/03\/Sector-Automotriz-scaled.jpg","type":"image\/jpeg"}],"author":"Aline Silva","twitter_card":"summary_large_image","twitter_creator":"@knewin_","twitter_site":"@knewin_","twitter_misc":{"Escrito por":"Aline Silva","Tiempo de lectura":"4 minutos"},"schema":{"@context":"https:\/\/schema.org","@graph":[{"@type":["Article","BlogPosting"],"@id":"https:\/\/www.knewin.com\/es\/blog\/knewin-talks-analisis-en-sector-automotriz\/#article","isPartOf":{"@id":"https:\/\/www.knewin.com\/es\/blog\/knewin-talks-analisis-en-sector-automotriz\/"},"author":{"name":"Aline Silva","@id":"https:\/\/www.knewin.com\/#\/schema\/person\/ee71f003995c0b672c6a3328797faf1d"},"headline":"[Knewin Talks] An\u00e1lisis en Sector Automotriz","datePublished":"2021-07-02T13:26:21+00:00","dateModified":"2024-09-03T23:20:23+00:00","mainEntityOfPage":{"@id":"https:\/\/www.knewin.com\/es\/blog\/knewin-talks-analisis-en-sector-automotriz\/"},"wordCount":684,"commentCount":0,"publisher":{"@id":"https:\/\/www.knewin.com\/#organization"},"image":{"@id":"https:\/\/www.knewin.com\/es\/blog\/knewin-talks-analisis-en-sector-automotriz\/#primaryimage"},"thumbnailUrl":"https:\/\/www.knewin.com\/wp-content\/uploads\/2024\/03\/Sector-Automotriz-scaled.jpg","keywords":["an\u00e1lisis de comunicaci\u00f3n","desaf\u00edos de comunicaci\u00f3n","gesti\u00f3n de crisis automotriz","sector automotriz","webinar sector automotriz"],"articleSection":["Institucional"],"inLanguage":"es","potentialAction":[{"@type":"CommentAction","name":"Comment","target":["https:\/\/www.knewin.com\/es\/blog\/knewin-talks-analisis-en-sector-automotriz\/#respond"]}]},{"@type":"WebPage","@id":"https:\/\/www.knewin.com\/es\/blog\/knewin-talks-analisis-en-sector-automotriz\/","url":"https:\/\/www.knewin.com\/es\/blog\/knewin-talks-analisis-en-sector-automotriz\/","name":"[Knewin Talks] An\u00e1lisis en Sector Automotriz - Knewin","isPartOf":{"@id":"https:\/\/www.knewin.com\/#website"},"primaryImageOfPage":{"@id":"https:\/\/www.knewin.com\/es\/blog\/knewin-talks-analisis-en-sector-automotriz\/#primaryimage"},"image":{"@id":"https:\/\/www.knewin.com\/es\/blog\/knewin-talks-analisis-en-sector-automotriz\/#primaryimage"},"thumbnailUrl":"https:\/\/www.knewin.com\/wp-content\/uploads\/2024\/03\/Sector-Automotriz-scaled.jpg","datePublished":"2021-07-02T13:26:21+00:00","dateModified":"2024-09-03T23:20:23+00:00","description":"Consulta el an\u00e1lisis de Knewin sobre el sector automotriz en las noticias y los medios sociales de mayo a junio de 2021.","breadcrumb":{"@id":"https:\/\/www.knewin.com\/es\/blog\/knewin-talks-analisis-en-sector-automotriz\/#breadcrumb"},"inLanguage":"es","potentialAction":[{"@type":"ReadAction","target":["https:\/\/www.knewin.com\/es\/blog\/knewin-talks-analisis-en-sector-automotriz\/"]}]},{"@type":"ImageObject","inLanguage":"es","@id":"https:\/\/www.knewin.com\/es\/blog\/knewin-talks-analisis-en-sector-automotriz\/#primaryimage","url":"https:\/\/www.knewin.com\/wp-content\/uploads\/2024\/03\/Sector-Automotriz-scaled.jpg","contentUrl":"https:\/\/www.knewin.com\/wp-content\/uploads\/2024\/03\/Sector-Automotriz-scaled.jpg","width":2560,"height":1707,"caption":"sector automotriz"},{"@type":"BreadcrumbList","@id":"https:\/\/www.knewin.com\/es\/blog\/knewin-talks-analisis-en-sector-automotriz\/#breadcrumb","itemListElement":[{"@type":"ListItem","position":1,"name":"In\u00edcio","item":"https:\/\/www.knewin.com\/es\/"},{"@type":"ListItem","position":2,"name":"[Knewin Talks] An\u00e1lisis en Sector Automotriz"}]},{"@type":"WebSite","@id":"https:\/\/www.knewin.com\/#website","url":"https:\/\/www.knewin.com\/","name":"Knewin","description":"A maior empresa de tecnologia e dados para gest\u00e3o de reputa\u00e7\u00e3o na Am\u00e9rica Latina.","publisher":{"@id":"https:\/\/www.knewin.com\/#organization"},"alternateName":"Knewin - Tecnologia e dados para gest\u00e3o de reputa\u00e7\u00e3o","potentialAction":[{"@type":"SearchAction","target":{"@type":"EntryPoint","urlTemplate":"https:\/\/www.knewin.com\/?s={search_term_string}"},"query-input":{"@type":"PropertyValueSpecification","valueRequired":true,"valueName":"search_term_string"}}],"inLanguage":"es"},{"@type":"Organization","@id":"https:\/\/www.knewin.com\/#organization","name":"Knewin","alternateName":"Knewin - A maior empresa de tecnologia e dados para gest\u00e3o de reputa\u00e7\u00e3o","url":"https:\/\/www.knewin.com\/","logo":{"@type":"ImageObject","inLanguage":"es","@id":"https:\/\/www.knewin.com\/#\/schema\/logo\/image\/","url":"https:\/\/knewin.com\/wp-content\/uploads\/2025\/01\/Knewin-imagem-home.webp","contentUrl":"https:\/\/knewin.com\/wp-content\/uploads\/2025\/01\/Knewin-imagem-home.webp","width":600,"height":600,"caption":"Knewin"},"image":{"@id":"https:\/\/www.knewin.com\/#\/schema\/logo\/image\/"},"sameAs":["https:\/\/www.facebook.com\/knewinoficial\/","https:\/\/x.com\/knewin_","https:\/\/www.instagram.com\/knewinoficial\/","https:\/\/www.linkedin.com\/company\/knewinoficial","https:\/\/www.youtube.com\/@knewinoficial"],"description":"A Knewin foi fundada em 2011 com o prop\u00f3sito de melhorar a sociedade por meio de empresas respons\u00e1veis e comprometidas com os seus p\u00fablicos. Para conquistar esse objetivo, investiu em tecnologias de intelig\u00eancia de dados e intelig\u00eancia artificial para traduzir dados em sentimentos dos stakeholders.","foundingDate":"2011-02-01"},{"@type":"Person","@id":"https:\/\/www.knewin.com\/#\/schema\/person\/ee71f003995c0b672c6a3328797faf1d","name":"Aline Silva","image":{"@type":"ImageObject","inLanguage":"es","@id":"https:\/\/secure.gravatar.com\/avatar\/802088e385e2ba060dec8e5550a1c1ce2155a18d41cd0ef5553617a3c793967b?s=96&d=mm&r=g","url":"https:\/\/secure.gravatar.com\/avatar\/802088e385e2ba060dec8e5550a1c1ce2155a18d41cd0ef5553617a3c793967b?s=96&d=mm&r=g","contentUrl":"https:\/\/secure.gravatar.com\/avatar\/802088e385e2ba060dec8e5550a1c1ce2155a18d41cd0ef5553617a3c793967b?s=96&d=mm&r=g","caption":"Aline Silva"},"url":"https:\/\/www.knewin.com\/es\/blog\/author\/aline-silva\/"}]}},"_links":{"self":[{"href":"https:\/\/www.knewin.com\/es\/wp-json\/wp\/v2\/posts\/2146","targetHints":{"allow":["GET"]}}],"collection":[{"href":"https:\/\/www.knewin.com\/es\/wp-json\/wp\/v2\/posts"}],"about":[{"href":"https:\/\/www.knewin.com\/es\/wp-json\/wp\/v2\/types\/post"}],"author":[{"embeddable":true,"href":"https:\/\/www.knewin.com\/es\/wp-json\/wp\/v2\/users\/6"}],"replies":[{"embeddable":true,"href":"https:\/\/www.knewin.com\/es\/wp-json\/wp\/v2\/comments?post=2146"}],"version-history":[{"count":0,"href":"https:\/\/www.knewin.com\/es\/wp-json\/wp\/v2\/posts\/2146\/revisions"}],"wp:featuredmedia":[{"embeddable":true,"href":"https:\/\/www.knewin.com\/es\/wp-json\/wp\/v2\/media\/23719"}],"wp:attachment":[{"href":"https:\/\/www.knewin.com\/es\/wp-json\/wp\/v2\/media?parent=2146"}],"wp:term":[{"taxonomy":"category","embeddable":true,"href":"https:\/\/www.knewin.com\/es\/wp-json\/wp\/v2\/categories?post=2146"},{"taxonomy":"post_tag","embeddable":true,"href":"https:\/\/www.knewin.com\/es\/wp-json\/wp\/v2\/tags?post=2146"}],"curies":[{"name":"wp","href":"https:\/\/api.w.org\/{rel}","templated":true}]}}