{"id":2175,"date":"2021-09-16T14:59:09","date_gmt":"2021-09-16T17:59:09","guid":{"rendered":"https:\/\/fsantosteste.com\/como-fortalecer-la-estrategia-de-comunicacion-con-monitoreo-de-medios\/"},"modified":"2024-09-03T19:59:36","modified_gmt":"2024-09-03T22:59:36","slug":"como-fortalecer-la-estrategia-de-comunicacion-con-monitoreo-de-medios","status":"publish","type":"post","link":"https:\/\/www.knewin.com\/es\/blog\/como-fortalecer-la-estrategia-de-comunicacion-con-monitoreo-de-medios\/","title":{"rendered":"\u00bfC\u00f3mo fortalecer la estrategia de comunicaci\u00f3n en PR a trav\u00e9s del monitoreo de medios?"},"content":{"rendered":"\n<p>La competencia por destacar en medios cada vez es m\u00e1s complicada: nuevos formatos, espacios y audiencias pueden hacer que tus mensajes se pierdan en la bandeja de entrada de los periodistas; el monitoreo de medios puede ser <strong>una alternativa poderosa y viable<\/strong> para fortalecer la estrategia de comunicaci\u00f3n de tu marca.<\/p>\n\n\n\n<p>Usualmente, se ve al monitoreo como una herramienta para recolectar los <em>clippings<\/em> o las notas surgidas despu\u00e9s de liberar un comunicado de prensa o <em>hook story<\/em>.&nbsp;<\/p>\n\n\n\n<p>Sin embargo, como gerente de comunicaci\u00f3n debes saber que el monitoreo tiene mayores alcances, y que una buena pr\u00e1ctica de las relaciones p\u00fablicas es <strong>mantener siempre activo tu monitoreo de medios<\/strong>.&nbsp;<\/p>\n\n\n\n<p>Al hacerlo, tu equipo puede obtener numerosas ventajas, entre ellas:&nbsp;<\/p>\n\n\n\n<ul class=\"wp-block-list\"><li>Identificaci\u00f3n de oportunidades en nuevos medios o espacios de nicho.<\/li><li>Aprovechamiento de coyunturas medi\u00e1ticas.<\/li><li>Alertas en tiempo real ante escenarios de crisis.<\/li><li>Seguimiento de tu competencia.<\/li><li>Adelantarte a nuevas tendencias.<\/li><li>Conocimiento profundo de tu mercado.&nbsp;<\/li><\/ul>\n\n\n\n<p><strong>Lee m\u00e1s acerca de <\/strong><a href=\"https:\/\/knewin.com\/es\/blog\/como-cambiaron-las-relaciones-publicas-tras-la-pandemia\/\" target=\"_blank\" rel=\"noreferrer noopener\"><strong>c\u00f3mo han cambiado las relaciones p\u00fablicas tras la pandemia<\/strong><\/a><strong>.<\/strong><\/p>\n\n\n\n<p>Hoy no existe mejor forma de hacer destacar a tu marca que <strong>un seguimiento puntual de noticias<\/strong>, temas o periodistas para mandar tus mensajes en el momento correcto.<\/p>\n\n\n\n<p>Actualmente, plataformas como Knewin Monitoring te permiten gestionar distintas formas de levantar un monitoreo de medios: con una base de <strong>m\u00e1s de un mill\u00f3n de fuentes<\/strong> en l\u00ednea, radio, prensa y televisi\u00f3n, nuestra soluci\u00f3n te ayuda dise\u00f1ar una <a href=\"https:\/\/materiais.knewin.com\/es\/inteligencia-de-mercado\" target=\"_blank\" rel=\"noreferrer noopener\">inteligencia de mercado<\/a> robusta con la cual armar t\u00e1cticas y mensajes m\u00e1s poderosos.<\/p>\n\n\n\n<h2 class=\"wp-block-heading\" id=\"h-3-secretos-del-monitoreo-para-fortalecer-la-estrategia-de-comunicaci-n\"><strong>3 secretos del monitoreo para fortalecer la estrategia de comunicaci\u00f3n<\/strong><\/h2>\n\n\n\n<p>Como ya mencionamos, hoy existen m\u00e1s y mejores formas que nunca de utilizar el monitoreo de medios a tu favor.<\/p>\n\n\n\n<p>Aqu\u00ed te compartimos 3 ideas que puedes implementar en tu estrategia trav\u00e9s de un sistema completo de monitoreo:&nbsp;<\/p>\n\n\n\n<h3 class=\"wp-block-heading\" id=\"1-sigue-los-pasos-a-tu-competencia\"><strong>1. Sigue los pasos a tu competencia<\/strong><\/h3>\n\n\n\n<p>Uno de los mejores usos que se le ha dado al monitoreo de medios en la comunicaci\u00f3n corporativa actual es el seguimiento a la competencia.&nbsp;<\/p>\n\n\n\n<p>Hoy es usual ver respuestas cada vez m\u00e1s inteligentes de las marcas, una vez que sus competidores han anunciado algo importante: ya sean nuevas l\u00edneas de productos, promociones o alianzas estrat\u00e9gicas.<\/p>\n\n\n\n<p>Por ejemplo: Mercado Libre, una de las plataformas de comercio electr\u00f3nico m\u00e1s grandes de Am\u00e9rica Latina, ha anunciado constantemente alianzas con servicios de <em>streaming<\/em> como <a href=\"https:\/\/mercado-libre.prezly.com\/hbo-max-llega-a-mercado-libre\" target=\"_blank\" rel=\"noreferrer noopener\">HBO<\/a> o <a href=\"https:\/\/mercado-libre.prezly.com\/mercado-libre-da-inicio-a-su-alianza-con-paramount-en-mexico\" target=\"_blank\" rel=\"noreferrer noopener\">Paramount<\/a> como respuesta al creciente <em>awareness<\/em> de <em>Prime, <\/em>plataforma de su principal competidor, Amazon.&nbsp;<\/p>\n\n\n\n<p>Estas acciones <strong>han ayudado a fortalecer la estrategia de comunicaci\u00f3n<\/strong> de Mercado Libre y a mejorar su reputaci\u00f3n entre clientes y usuarios potenciales.&nbsp;<\/p>\n\n\n\n<p><strong>No olvides leer: <\/strong><a href=\"https:\/\/knewin.com\/es\/blog\/como-trabajar-con-indicadores-y-metricas-en-relaciones-publicas\/\" target=\"_blank\" rel=\"noreferrer noopener\"><strong>\u00bfC\u00f3mo trabajar con indicadores y m\u00e9tricas en relaciones p\u00fablicas?<\/strong><\/a><\/p>\n\n\n\n<h3 class=\"wp-block-heading\" id=\"2-aprovecha-las-coyunturas\"><strong>2. Aprovecha las coyunturas<\/strong><\/h3>\n\n\n\n<p>Como gerente de comunicaci\u00f3n, uno de tus principales objetivos es hacer que tu cliente o marca permanezcan en el <em>top of mind<\/em> de tu audiencia. Las coyunturas medi\u00e1ticas son una buena forma de lograrlo y, para ello, el monitoreo puede ser tu mejor aliado.&nbsp;<\/p>\n\n\n\n<p>Existen fechas y festividades para todo, desde el d\u00eda de la seguridad en internet hasta el <a href=\"https:\/\/www.forbes.com.mx\/forbes-life\/gourmet-dia-mundial-de-la-dona-lugares-cdmx\/\" target=\"_blank\" rel=\"noreferrer noopener\">d\u00eda mundial de las donas<\/a>. Identifica este tipo de fechas a trav\u00e9s de tu seguimiento de noticias y crea contenido relevante para fortalecer tus mensajes, posicionarte en m\u00e1s espacios y conectar de forma aut\u00e9ntica con las audiencias.&nbsp;<\/p>\n\n\n\n<h3 class=\"wp-block-heading\" id=\"3-apalancate-del-social-listening\">3. A<strong>pal\u00e1ncate del <em>social listening<\/em>&nbsp;<\/strong><\/h3>\n\n\n\n<p>El <a href=\"https:\/\/knewin.com\/es\/blog\/con-social-listening-puedes-saber-que-le-gustara-a-tu-audiencia\/\" target=\"_blank\" rel=\"noreferrer noopener\"><em>social listening<\/em><\/a> es otra \u2018t\u00e1ctica\u2019 que, junto con el monitoreo, te puede ayudar para fortalecer la estrategia de comunicaci\u00f3n, pues te permite identificar promotores y detractores, comprender la relaci\u00f3n de las audiencias con tu marca y saber lo que tus clientes esperan de ella.&nbsp;<\/p>\n\n\n\n<p>Determinar palabras clave y conocer las tendencias actuales en medios de comunicaci\u00f3n te dar\u00e1 un <em>landscape <\/em>completo para saber c\u00f3mo crear mejores historias, atraer m\u00e1s clientes o innovar en tu mercado con tus productos.&nbsp;<\/p>\n\n\n\n<p>Sin duda, el monitoreo de noticias es fundamental para fortalecer la estrategia de comunicaci\u00f3n en tu estrategia de relaciones p\u00fablicas, y hoy tienes al alcance nuevos recursos para crear ideas m\u00e1s novedosas y atractivas.&nbsp;<\/p>\n\n\n\n<p>Si quieres aprender m\u00e1s de nuestras soluciones de monitoreo, <a href=\"https:\/\/knewin.com\/es\/contacto\/\" target=\"_blank\" rel=\"noreferrer noopener\">contacta<\/a> a uno de nuestros ejecutivos y cu\u00e9ntanos c\u00f3mo podemos ayudarte.<\/p>\n\n\n\n<figure class=\"wp-block-image size-large\"><a href=\"https:\/\/knewin.com\/es\/contacto\/\" target=\"_blank\" rel=\"noopener\"><img decoding=\"async\" src=\"https:\/\/knewin.com\/wp-content\/uploads\/2021\/09\/contact-us-11-1024x311.png\" alt=\"\" class=\"wp-image-14394\"\/><\/a><\/figure>\n","protected":false},"excerpt":{"rendered":"<p>La competencia por destacar en medios cada vez es m\u00e1s complicada: nuevos formatos, espacios y audiencias pueden hacer que tus mensajes se pierdan en la bandeja de entrada de los periodistas; el monitoreo de medios puede ser una alternativa poderosa y viable para fortalecer la estrategia de comunicaci\u00f3n de tu marca. Usualmente, se ve al [&hellip;]<\/p>\n","protected":false},"author":6,"featured_media":23497,"comment_status":"open","ping_status":"open","sticky":false,"template":"","format":"standard","meta":{"footnotes":""},"categories":[1062],"tags":[1452,1183,1132,1455,1117,1453,1097,1454],"class_list":["post-2175","post","type-post","status-publish","format-standard","has-post-thumbnail","hentry","category-gestion-de-reputacion","tag-clippings","tag-comunicacion-de-marca","tag-estrategia-de-comunicacion-es","tag-herramientas-de-pr","tag-monitoreo-de-medios-es","tag-notas-de-prensa","tag-relaciones-publicas-es","tag-seguimiento-de-medios"],"yoast_head":"<!-- This site is optimized with the Yoast SEO Premium plugin v27.0 (Yoast SEO v27.3) - https:\/\/yoast.com\/product\/yoast-seo-premium-wordpress\/ -->\n<title>\u00bfC\u00f3mo fortalecer la estrategia de comunicaci\u00f3n en PR a trav\u00e9s del monitoreo de medios? - Knewin<\/title>\n<meta name=\"description\" content=\"Eel monitoreo de medios puede ser una alternativa poderosa y viable para fortalecer la estrategia de comunicaci\u00f3n de tu marca.\" \/>\n<meta name=\"robots\" content=\"index, follow, max-snippet:-1, max-image-preview:large, max-video-preview:-1\" \/>\n<link rel=\"canonical\" href=\"https:\/\/www.knewin.com\/es\/blog\/como-fortalecer-la-estrategia-de-comunicacion-con-monitoreo-de-medios\/\" \/>\n<meta property=\"og:locale\" content=\"es_ES\" \/>\n<meta property=\"og:type\" content=\"article\" \/>\n<meta property=\"og:title\" content=\"\u00bfC\u00f3mo fortalecer la estrategia de comunicaci\u00f3n en PR a trav\u00e9s del monitoreo de medios?\" \/>\n<meta property=\"og:description\" content=\"Eel monitoreo de medios puede ser una alternativa poderosa y viable para fortalecer la estrategia de comunicaci\u00f3n de tu marca.\" \/>\n<meta property=\"og:url\" content=\"https:\/\/www.knewin.com\/es\/blog\/como-fortalecer-la-estrategia-de-comunicacion-con-monitoreo-de-medios\/\" \/>\n<meta property=\"og:site_name\" content=\"Knewin\" \/>\n<meta property=\"article:publisher\" content=\"https:\/\/www.facebook.com\/knewinoficial\/\" \/>\n<meta property=\"article:published_time\" content=\"2021-09-16T17:59:09+00:00\" \/>\n<meta property=\"article:modified_time\" content=\"2024-09-03T22:59:36+00:00\" \/>\n<meta property=\"og:image\" content=\"https:\/\/www.knewin.com\/wp-content\/uploads\/2024\/03\/estrategia-de-comunicacion-1.png\" \/>\n\t<meta property=\"og:image:width\" content=\"1200\" \/>\n\t<meta property=\"og:image:height\" content=\"600\" \/>\n\t<meta property=\"og:image:type\" content=\"image\/png\" \/>\n<meta name=\"author\" content=\"Aline Silva\" \/>\n<meta name=\"twitter:card\" content=\"summary_large_image\" \/>\n<meta name=\"twitter:creator\" content=\"@knewin_\" \/>\n<meta name=\"twitter:site\" content=\"@knewin_\" \/>\n<meta name=\"twitter:label1\" content=\"Escrito por\" \/>\n\t<meta name=\"twitter:data1\" content=\"Aline Silva\" \/>\n\t<meta name=\"twitter:label2\" content=\"Tiempo de lectura\" \/>\n\t<meta name=\"twitter:data2\" content=\"5 minutos\" \/>\n<script type=\"application\/ld+json\" class=\"yoast-schema-graph\">{\"@context\":\"https:\\\/\\\/schema.org\",\"@graph\":[{\"@type\":[\"Article\",\"BlogPosting\"],\"@id\":\"https:\\\/\\\/www.knewin.com\\\/es\\\/blog\\\/como-fortalecer-la-estrategia-de-comunicacion-con-monitoreo-de-medios\\\/#article\",\"isPartOf\":{\"@id\":\"https:\\\/\\\/www.knewin.com\\\/es\\\/blog\\\/como-fortalecer-la-estrategia-de-comunicacion-con-monitoreo-de-medios\\\/\"},\"author\":{\"name\":\"Aline Silva\",\"@id\":\"https:\\\/\\\/www.knewin.com\\\/#\\\/schema\\\/person\\\/ee71f003995c0b672c6a3328797faf1d\"},\"headline\":\"\u00bfC\u00f3mo fortalecer la estrategia de comunicaci\u00f3n en PR a trav\u00e9s del monitoreo de medios?\",\"datePublished\":\"2021-09-16T17:59:09+00:00\",\"dateModified\":\"2024-09-03T22:59:36+00:00\",\"mainEntityOfPage\":{\"@id\":\"https:\\\/\\\/www.knewin.com\\\/es\\\/blog\\\/como-fortalecer-la-estrategia-de-comunicacion-con-monitoreo-de-medios\\\/\"},\"wordCount\":751,\"commentCount\":0,\"publisher\":{\"@id\":\"https:\\\/\\\/www.knewin.com\\\/#organization\"},\"image\":{\"@id\":\"https:\\\/\\\/www.knewin.com\\\/es\\\/blog\\\/como-fortalecer-la-estrategia-de-comunicacion-con-monitoreo-de-medios\\\/#primaryimage\"},\"thumbnailUrl\":\"https:\\\/\\\/www.knewin.com\\\/wp-content\\\/uploads\\\/2024\\\/03\\\/estrategia-de-comunicacion-1.png\",\"keywords\":[\"clippings\",\"comunicaci\u00f3n de marca\",\"estrategia de comunicaci\u00f3n\",\"herramientas de PR\",\"monitoreo de medios\",\"notas de prensa\",\"relaciones p\u00fablicas\",\"seguimiento de medios\"],\"articleSection\":[\"Gesti\u00f3n de Reputaci\u00f3n\"],\"inLanguage\":\"es\",\"potentialAction\":[{\"@type\":\"CommentAction\",\"name\":\"Comment\",\"target\":[\"https:\\\/\\\/www.knewin.com\\\/es\\\/blog\\\/como-fortalecer-la-estrategia-de-comunicacion-con-monitoreo-de-medios\\\/#respond\"]}]},{\"@type\":\"WebPage\",\"@id\":\"https:\\\/\\\/www.knewin.com\\\/es\\\/blog\\\/como-fortalecer-la-estrategia-de-comunicacion-con-monitoreo-de-medios\\\/\",\"url\":\"https:\\\/\\\/www.knewin.com\\\/es\\\/blog\\\/como-fortalecer-la-estrategia-de-comunicacion-con-monitoreo-de-medios\\\/\",\"name\":\"\u00bfC\u00f3mo fortalecer la estrategia de comunicaci\u00f3n en PR a trav\u00e9s del monitoreo de medios? - Knewin\",\"isPartOf\":{\"@id\":\"https:\\\/\\\/www.knewin.com\\\/#website\"},\"primaryImageOfPage\":{\"@id\":\"https:\\\/\\\/www.knewin.com\\\/es\\\/blog\\\/como-fortalecer-la-estrategia-de-comunicacion-con-monitoreo-de-medios\\\/#primaryimage\"},\"image\":{\"@id\":\"https:\\\/\\\/www.knewin.com\\\/es\\\/blog\\\/como-fortalecer-la-estrategia-de-comunicacion-con-monitoreo-de-medios\\\/#primaryimage\"},\"thumbnailUrl\":\"https:\\\/\\\/www.knewin.com\\\/wp-content\\\/uploads\\\/2024\\\/03\\\/estrategia-de-comunicacion-1.png\",\"datePublished\":\"2021-09-16T17:59:09+00:00\",\"dateModified\":\"2024-09-03T22:59:36+00:00\",\"description\":\"Eel monitoreo de medios puede ser una alternativa poderosa y viable para fortalecer la estrategia de comunicaci\u00f3n de tu marca.\",\"breadcrumb\":{\"@id\":\"https:\\\/\\\/www.knewin.com\\\/es\\\/blog\\\/como-fortalecer-la-estrategia-de-comunicacion-con-monitoreo-de-medios\\\/#breadcrumb\"},\"inLanguage\":\"es\",\"potentialAction\":[{\"@type\":\"ReadAction\",\"target\":[\"https:\\\/\\\/www.knewin.com\\\/es\\\/blog\\\/como-fortalecer-la-estrategia-de-comunicacion-con-monitoreo-de-medios\\\/\"]}]},{\"@type\":\"ImageObject\",\"inLanguage\":\"es\",\"@id\":\"https:\\\/\\\/www.knewin.com\\\/es\\\/blog\\\/como-fortalecer-la-estrategia-de-comunicacion-con-monitoreo-de-medios\\\/#primaryimage\",\"url\":\"https:\\\/\\\/www.knewin.com\\\/wp-content\\\/uploads\\\/2024\\\/03\\\/estrategia-de-comunicacion-1.png\",\"contentUrl\":\"https:\\\/\\\/www.knewin.com\\\/wp-content\\\/uploads\\\/2024\\\/03\\\/estrategia-de-comunicacion-1.png\",\"width\":1200,\"height\":600,\"caption\":\"estrategia de comunicaci\u00f3n\"},{\"@type\":\"BreadcrumbList\",\"@id\":\"https:\\\/\\\/www.knewin.com\\\/es\\\/blog\\\/como-fortalecer-la-estrategia-de-comunicacion-con-monitoreo-de-medios\\\/#breadcrumb\",\"itemListElement\":[{\"@type\":\"ListItem\",\"position\":1,\"name\":\"In\u00edcio\",\"item\":\"https:\\\/\\\/www.knewin.com\\\/es\\\/\"},{\"@type\":\"ListItem\",\"position\":2,\"name\":\"\u00bfC\u00f3mo fortalecer la estrategia de comunicaci\u00f3n en PR a trav\u00e9s del monitoreo de medios?\"}]},{\"@type\":\"WebSite\",\"@id\":\"https:\\\/\\\/www.knewin.com\\\/#website\",\"url\":\"https:\\\/\\\/www.knewin.com\\\/\",\"name\":\"Knewin\",\"description\":\"A maior empresa de tecnologia e dados para gest\u00e3o de reputa\u00e7\u00e3o na Am\u00e9rica Latina.\",\"publisher\":{\"@id\":\"https:\\\/\\\/www.knewin.com\\\/#organization\"},\"alternateName\":\"Knewin - Tecnologia e dados para gest\u00e3o de reputa\u00e7\u00e3o\",\"potentialAction\":[{\"@type\":\"SearchAction\",\"target\":{\"@type\":\"EntryPoint\",\"urlTemplate\":\"https:\\\/\\\/www.knewin.com\\\/?s={search_term_string}\"},\"query-input\":{\"@type\":\"PropertyValueSpecification\",\"valueRequired\":true,\"valueName\":\"search_term_string\"}}],\"inLanguage\":\"es\"},{\"@type\":\"Organization\",\"@id\":\"https:\\\/\\\/www.knewin.com\\\/#organization\",\"name\":\"Knewin\",\"alternateName\":\"Knewin - A maior empresa de tecnologia e dados para gest\u00e3o de reputa\u00e7\u00e3o\",\"url\":\"https:\\\/\\\/www.knewin.com\\\/\",\"logo\":{\"@type\":\"ImageObject\",\"inLanguage\":\"es\",\"@id\":\"https:\\\/\\\/www.knewin.com\\\/#\\\/schema\\\/logo\\\/image\\\/\",\"url\":\"https:\\\/\\\/knewin.com\\\/wp-content\\\/uploads\\\/2025\\\/01\\\/Knewin-imagem-home.webp\",\"contentUrl\":\"https:\\\/\\\/knewin.com\\\/wp-content\\\/uploads\\\/2025\\\/01\\\/Knewin-imagem-home.webp\",\"width\":600,\"height\":600,\"caption\":\"Knewin\"},\"image\":{\"@id\":\"https:\\\/\\\/www.knewin.com\\\/#\\\/schema\\\/logo\\\/image\\\/\"},\"sameAs\":[\"https:\\\/\\\/www.facebook.com\\\/knewinoficial\\\/\",\"https:\\\/\\\/x.com\\\/knewin_\",\"https:\\\/\\\/www.instagram.com\\\/knewinoficial\\\/\",\"https:\\\/\\\/www.linkedin.com\\\/company\\\/knewinoficial\",\"https:\\\/\\\/www.youtube.com\\\/@knewinoficial\"],\"description\":\"A Knewin foi fundada em 2011 com o prop\u00f3sito de melhorar a sociedade por meio de empresas respons\u00e1veis e comprometidas com os seus p\u00fablicos. Para conquistar esse objetivo, investiu em tecnologias de intelig\u00eancia de dados e intelig\u00eancia artificial para traduzir dados em sentimentos dos stakeholders.\",\"foundingDate\":\"2011-02-01\"},{\"@type\":\"Person\",\"@id\":\"https:\\\/\\\/www.knewin.com\\\/#\\\/schema\\\/person\\\/ee71f003995c0b672c6a3328797faf1d\",\"name\":\"Aline Silva\",\"image\":{\"@type\":\"ImageObject\",\"inLanguage\":\"es\",\"@id\":\"https:\\\/\\\/secure.gravatar.com\\\/avatar\\\/802088e385e2ba060dec8e5550a1c1ce2155a18d41cd0ef5553617a3c793967b?s=96&d=mm&r=g\",\"url\":\"https:\\\/\\\/secure.gravatar.com\\\/avatar\\\/802088e385e2ba060dec8e5550a1c1ce2155a18d41cd0ef5553617a3c793967b?s=96&d=mm&r=g\",\"contentUrl\":\"https:\\\/\\\/secure.gravatar.com\\\/avatar\\\/802088e385e2ba060dec8e5550a1c1ce2155a18d41cd0ef5553617a3c793967b?s=96&d=mm&r=g\",\"caption\":\"Aline Silva\"},\"url\":\"https:\\\/\\\/www.knewin.com\\\/es\\\/blog\\\/author\\\/aline-silva\\\/\"}]}<\/script>\n<!-- \/ Yoast SEO Premium plugin. -->","yoast_head_json":{"title":"\u00bfC\u00f3mo fortalecer la estrategia de comunicaci\u00f3n en PR a trav\u00e9s del monitoreo de medios? - Knewin","description":"Eel monitoreo de medios puede ser una alternativa poderosa y viable para fortalecer la estrategia de comunicaci\u00f3n de tu marca.","robots":{"index":"index","follow":"follow","max-snippet":"max-snippet:-1","max-image-preview":"max-image-preview:large","max-video-preview":"max-video-preview:-1"},"canonical":"https:\/\/www.knewin.com\/es\/blog\/como-fortalecer-la-estrategia-de-comunicacion-con-monitoreo-de-medios\/","og_locale":"es_ES","og_type":"article","og_title":"\u00bfC\u00f3mo fortalecer la estrategia de comunicaci\u00f3n en PR a trav\u00e9s del monitoreo de medios?","og_description":"Eel monitoreo de medios puede ser una alternativa poderosa y viable para fortalecer la estrategia de comunicaci\u00f3n de tu marca.","og_url":"https:\/\/www.knewin.com\/es\/blog\/como-fortalecer-la-estrategia-de-comunicacion-con-monitoreo-de-medios\/","og_site_name":"Knewin","article_publisher":"https:\/\/www.facebook.com\/knewinoficial\/","article_published_time":"2021-09-16T17:59:09+00:00","article_modified_time":"2024-09-03T22:59:36+00:00","og_image":[{"width":1200,"height":600,"url":"https:\/\/www.knewin.com\/wp-content\/uploads\/2024\/03\/estrategia-de-comunicacion-1.png","type":"image\/png"}],"author":"Aline Silva","twitter_card":"summary_large_image","twitter_creator":"@knewin_","twitter_site":"@knewin_","twitter_misc":{"Escrito por":"Aline Silva","Tiempo de lectura":"5 minutos"},"schema":{"@context":"https:\/\/schema.org","@graph":[{"@type":["Article","BlogPosting"],"@id":"https:\/\/www.knewin.com\/es\/blog\/como-fortalecer-la-estrategia-de-comunicacion-con-monitoreo-de-medios\/#article","isPartOf":{"@id":"https:\/\/www.knewin.com\/es\/blog\/como-fortalecer-la-estrategia-de-comunicacion-con-monitoreo-de-medios\/"},"author":{"name":"Aline Silva","@id":"https:\/\/www.knewin.com\/#\/schema\/person\/ee71f003995c0b672c6a3328797faf1d"},"headline":"\u00bfC\u00f3mo fortalecer la estrategia de comunicaci\u00f3n en PR a trav\u00e9s del monitoreo de medios?","datePublished":"2021-09-16T17:59:09+00:00","dateModified":"2024-09-03T22:59:36+00:00","mainEntityOfPage":{"@id":"https:\/\/www.knewin.com\/es\/blog\/como-fortalecer-la-estrategia-de-comunicacion-con-monitoreo-de-medios\/"},"wordCount":751,"commentCount":0,"publisher":{"@id":"https:\/\/www.knewin.com\/#organization"},"image":{"@id":"https:\/\/www.knewin.com\/es\/blog\/como-fortalecer-la-estrategia-de-comunicacion-con-monitoreo-de-medios\/#primaryimage"},"thumbnailUrl":"https:\/\/www.knewin.com\/wp-content\/uploads\/2024\/03\/estrategia-de-comunicacion-1.png","keywords":["clippings","comunicaci\u00f3n de marca","estrategia de comunicaci\u00f3n","herramientas de PR","monitoreo de medios","notas de prensa","relaciones p\u00fablicas","seguimiento de medios"],"articleSection":["Gesti\u00f3n de Reputaci\u00f3n"],"inLanguage":"es","potentialAction":[{"@type":"CommentAction","name":"Comment","target":["https:\/\/www.knewin.com\/es\/blog\/como-fortalecer-la-estrategia-de-comunicacion-con-monitoreo-de-medios\/#respond"]}]},{"@type":"WebPage","@id":"https:\/\/www.knewin.com\/es\/blog\/como-fortalecer-la-estrategia-de-comunicacion-con-monitoreo-de-medios\/","url":"https:\/\/www.knewin.com\/es\/blog\/como-fortalecer-la-estrategia-de-comunicacion-con-monitoreo-de-medios\/","name":"\u00bfC\u00f3mo fortalecer la estrategia de comunicaci\u00f3n en PR a trav\u00e9s del monitoreo de medios? - Knewin","isPartOf":{"@id":"https:\/\/www.knewin.com\/#website"},"primaryImageOfPage":{"@id":"https:\/\/www.knewin.com\/es\/blog\/como-fortalecer-la-estrategia-de-comunicacion-con-monitoreo-de-medios\/#primaryimage"},"image":{"@id":"https:\/\/www.knewin.com\/es\/blog\/como-fortalecer-la-estrategia-de-comunicacion-con-monitoreo-de-medios\/#primaryimage"},"thumbnailUrl":"https:\/\/www.knewin.com\/wp-content\/uploads\/2024\/03\/estrategia-de-comunicacion-1.png","datePublished":"2021-09-16T17:59:09+00:00","dateModified":"2024-09-03T22:59:36+00:00","description":"Eel monitoreo de medios puede ser una alternativa poderosa y viable para fortalecer la estrategia de comunicaci\u00f3n de tu marca.","breadcrumb":{"@id":"https:\/\/www.knewin.com\/es\/blog\/como-fortalecer-la-estrategia-de-comunicacion-con-monitoreo-de-medios\/#breadcrumb"},"inLanguage":"es","potentialAction":[{"@type":"ReadAction","target":["https:\/\/www.knewin.com\/es\/blog\/como-fortalecer-la-estrategia-de-comunicacion-con-monitoreo-de-medios\/"]}]},{"@type":"ImageObject","inLanguage":"es","@id":"https:\/\/www.knewin.com\/es\/blog\/como-fortalecer-la-estrategia-de-comunicacion-con-monitoreo-de-medios\/#primaryimage","url":"https:\/\/www.knewin.com\/wp-content\/uploads\/2024\/03\/estrategia-de-comunicacion-1.png","contentUrl":"https:\/\/www.knewin.com\/wp-content\/uploads\/2024\/03\/estrategia-de-comunicacion-1.png","width":1200,"height":600,"caption":"estrategia de comunicaci\u00f3n"},{"@type":"BreadcrumbList","@id":"https:\/\/www.knewin.com\/es\/blog\/como-fortalecer-la-estrategia-de-comunicacion-con-monitoreo-de-medios\/#breadcrumb","itemListElement":[{"@type":"ListItem","position":1,"name":"In\u00edcio","item":"https:\/\/www.knewin.com\/es\/"},{"@type":"ListItem","position":2,"name":"\u00bfC\u00f3mo fortalecer la estrategia de comunicaci\u00f3n en PR a trav\u00e9s del monitoreo de medios?"}]},{"@type":"WebSite","@id":"https:\/\/www.knewin.com\/#website","url":"https:\/\/www.knewin.com\/","name":"Knewin","description":"A maior empresa de tecnologia e dados para gest\u00e3o de reputa\u00e7\u00e3o na Am\u00e9rica Latina.","publisher":{"@id":"https:\/\/www.knewin.com\/#organization"},"alternateName":"Knewin - Tecnologia e dados para gest\u00e3o de reputa\u00e7\u00e3o","potentialAction":[{"@type":"SearchAction","target":{"@type":"EntryPoint","urlTemplate":"https:\/\/www.knewin.com\/?s={search_term_string}"},"query-input":{"@type":"PropertyValueSpecification","valueRequired":true,"valueName":"search_term_string"}}],"inLanguage":"es"},{"@type":"Organization","@id":"https:\/\/www.knewin.com\/#organization","name":"Knewin","alternateName":"Knewin - A maior empresa de tecnologia e dados para gest\u00e3o de reputa\u00e7\u00e3o","url":"https:\/\/www.knewin.com\/","logo":{"@type":"ImageObject","inLanguage":"es","@id":"https:\/\/www.knewin.com\/#\/schema\/logo\/image\/","url":"https:\/\/knewin.com\/wp-content\/uploads\/2025\/01\/Knewin-imagem-home.webp","contentUrl":"https:\/\/knewin.com\/wp-content\/uploads\/2025\/01\/Knewin-imagem-home.webp","width":600,"height":600,"caption":"Knewin"},"image":{"@id":"https:\/\/www.knewin.com\/#\/schema\/logo\/image\/"},"sameAs":["https:\/\/www.facebook.com\/knewinoficial\/","https:\/\/x.com\/knewin_","https:\/\/www.instagram.com\/knewinoficial\/","https:\/\/www.linkedin.com\/company\/knewinoficial","https:\/\/www.youtube.com\/@knewinoficial"],"description":"A Knewin foi fundada em 2011 com o prop\u00f3sito de melhorar a sociedade por meio de empresas respons\u00e1veis e comprometidas com os seus p\u00fablicos. Para conquistar esse objetivo, investiu em tecnologias de intelig\u00eancia de dados e intelig\u00eancia artificial para traduzir dados em sentimentos dos stakeholders.","foundingDate":"2011-02-01"},{"@type":"Person","@id":"https:\/\/www.knewin.com\/#\/schema\/person\/ee71f003995c0b672c6a3328797faf1d","name":"Aline Silva","image":{"@type":"ImageObject","inLanguage":"es","@id":"https:\/\/secure.gravatar.com\/avatar\/802088e385e2ba060dec8e5550a1c1ce2155a18d41cd0ef5553617a3c793967b?s=96&d=mm&r=g","url":"https:\/\/secure.gravatar.com\/avatar\/802088e385e2ba060dec8e5550a1c1ce2155a18d41cd0ef5553617a3c793967b?s=96&d=mm&r=g","contentUrl":"https:\/\/secure.gravatar.com\/avatar\/802088e385e2ba060dec8e5550a1c1ce2155a18d41cd0ef5553617a3c793967b?s=96&d=mm&r=g","caption":"Aline Silva"},"url":"https:\/\/www.knewin.com\/es\/blog\/author\/aline-silva\/"}]}},"_links":{"self":[{"href":"https:\/\/www.knewin.com\/es\/wp-json\/wp\/v2\/posts\/2175","targetHints":{"allow":["GET"]}}],"collection":[{"href":"https:\/\/www.knewin.com\/es\/wp-json\/wp\/v2\/posts"}],"about":[{"href":"https:\/\/www.knewin.com\/es\/wp-json\/wp\/v2\/types\/post"}],"author":[{"embeddable":true,"href":"https:\/\/www.knewin.com\/es\/wp-json\/wp\/v2\/users\/6"}],"replies":[{"embeddable":true,"href":"https:\/\/www.knewin.com\/es\/wp-json\/wp\/v2\/comments?post=2175"}],"version-history":[{"count":0,"href":"https:\/\/www.knewin.com\/es\/wp-json\/wp\/v2\/posts\/2175\/revisions"}],"wp:featuredmedia":[{"embeddable":true,"href":"https:\/\/www.knewin.com\/es\/wp-json\/wp\/v2\/media\/23497"}],"wp:attachment":[{"href":"https:\/\/www.knewin.com\/es\/wp-json\/wp\/v2\/media?parent=2175"}],"wp:term":[{"taxonomy":"category","embeddable":true,"href":"https:\/\/www.knewin.com\/es\/wp-json\/wp\/v2\/categories?post=2175"},{"taxonomy":"post_tag","embeddable":true,"href":"https:\/\/www.knewin.com\/es\/wp-json\/wp\/v2\/tags?post=2175"}],"curies":[{"name":"wp","href":"https:\/\/api.w.org\/{rel}","templated":true}]}}