{"id":2232,"date":"2022-02-25T10:11:36","date_gmt":"2022-02-25T13:11:36","guid":{"rendered":"https:\/\/fsantosteste.com\/la-educacion-y-la-prensa-mexicana-como-se-desempena-el-tema-en-los-medios-de-comunicacion\/"},"modified":"2024-09-10T18:35:03","modified_gmt":"2024-09-10T21:35:03","slug":"la-educacion-y-la-prensa-mexicana-como-se-desempena-el-tema-en-los-medios-de-comunicacion","status":"publish","type":"post","link":"https:\/\/www.knewin.com\/es\/blog\/la-educacion-y-la-prensa-mexicana-como-se-desempena-el-tema-en-los-medios-de-comunicacion\/","title":{"rendered":"La educaci\u00f3n y la prensa mexicana: \u00bfC\u00f3mo se desempe\u00f1a el tema en los medios de comunicaci\u00f3n?"},"content":{"rendered":"\n<p>Como sucede en el resto de los pa\u00edses del mundo, la educaci\u00f3n, en todos sus niveles, <strong>es uno de los aspectos m\u00e1s importantes para el desarrollo de la sociedad en M\u00e9xico<\/strong>. Estar al tanto de este tema permite a quienes conforman este campo llevar a cabo acciones que mejoren la condici\u00f3n de millones de estudiantes, maestros y escuelas.<\/p>\n\n\n\n<p>Para nuestro pa\u00eds, avanzar en t\u00e9rminos de calidad educativa es una de las mayores prioridades: un estudio realizado por la <a href=\"http:\/\/trazandoelrumbo.ibero.mx\/la-problematica-persistente-de-la-educacion-en-mexico\/\" target=\"_blank\" rel=\"noreferrer noopener\">Universidad Iberoamericana<\/a> estima que <strong>2 millones de ni\u00f1os de entre 3 y 14 a\u00f1os no asisten a la escuela<\/strong>, mientras que 4 de cada 10 j\u00f3venes en edad de cursar educaci\u00f3n media superior no son atendidos.<\/p>\n\n\n\n<p>Por su parte, <a href=\"https:\/\/contralinea.com.mx\/inegi-4-4-millones-de-analfabetas-mayores-de-15-anos\/#:~:text=En%20M%C3%A9xico%2C%20todav%C3%ADa%20hay%204,Estad%C3%ADstica%20y%20Geograf%C3%ADa%20(Inegi).\" target=\"_blank\" rel=\"noreferrer noopener\">el INEGI se\u00f1ala<\/a> que en nuestro pa\u00eds todav\u00eda hay poco m\u00e1s de <strong>4 millones personas analfabetas<\/strong>, lo que representa al 4.7% de la poblaci\u00f3n con 15 o m\u00e1s a\u00f1os de edad que no sabe leer ni escribir.<\/p>\n\n\n\n<p>De forma similar a lo que pasa con los <a href=\"https:\/\/knewin.com\/es\/blog\/tendencias-de-la-agroindustria-en-la-prensa-mexicana-como-influyen-los-medios-de-comunicacion\/\" target=\"_blank\" rel=\"noreferrer noopener\">temas relacionados a la agroindustria<\/a>, <strong>la labor de los medios de comunicaci\u00f3n es de suma importancia<\/strong> para mejorar la educaci\u00f3n en M\u00e9xico, pues ayuda a amplificar la voz de las comunidades de alumnos, maestros o gremios estudiantiles que demandan m\u00e1s apoyos; as\u00ed mismo, fomenta el di\u00e1logo respecto a las decisiones que deben tomarse para garantizar la educaci\u00f3n a la poblaci\u00f3n y da visibilidad a quienes no pueden acceder a ella.&nbsp;<\/p>\n\n\n\n<p>Adem\u00e1s, derivado de la pandemia, <strong>la ense\u00f1anza en M\u00e9xico atraviesa por una etapa de reinvenci\u00f3n<\/strong> en donde las nuevas tecnolog\u00edas comienzan a ser protagonistas, lo que implica nuevos retos que deben atenderse para mejorar el sistema de educaci\u00f3n, tanto en el sector p\u00fablico como en el privado.&nbsp;<\/p>\n\n\n\n<p>Para dar un panorama m\u00e1s claro acerca de c\u00f3mo se aborda la educaci\u00f3n desde la perspectiva de los medios de comunicaci\u00f3n, en Knewin realizamos un an\u00e1lisis medi\u00e1tico de algunos de los temas m\u00e1s relevantes en este campo. <\/p>\n\n\n\n<p>Para ello, <strong>revisamos las noticias publicadas en diversos espacios<\/strong> entre el 1\u00b0 de enero y 1\u00b0 de febrero del 2022. Destacamos los siguientes resultados:<\/p>\n\n\n\n<p><strong>No olvides leer: <\/strong><a href=\"https:\/\/knewin.com\/es\/blog\/como-hacer-una-estrategia-de-consultoria-de-prensa-para-2022\/\" target=\"_blank\" rel=\"noreferrer noopener\"><strong>\u00bfC\u00f3mo hacer una estrategia de consultor\u00eda de prensa para 2022?<\/strong><\/a><\/p>\n\n\n\n<h3 class=\"wp-block-heading\"><strong>Educaci\u00f3n superior<\/strong><\/h3>\n\n\n\n<p>En M\u00e9xico, la gran mayor\u00eda de las labores de investigaci\u00f3n y desarrollo de diversos temas como la ciencia, medicina o ingenier\u00eda, dependen (y muchas veces son exclusivos) de las instituciones de educaci\u00f3n superior. No es usual que una noticia surja de la iniciativa privada.&nbsp;<\/p>\n\n\n\n<p>Por esta raz\u00f3n, las noticias respecto a la educaci\u00f3n superior son la gran mayor\u00eda. Los medios son el principal difusor de los avances de investigadores y cient\u00edficos mexicanos. <strong>El 42% de las notas tienen un tono positivo<\/strong>, el 43% tono neutro y solo el 14% negativo.<\/p>\n\n\n\n<h3 class=\"wp-block-heading\"><strong>Educaci\u00f3n presencial<\/strong><\/h3>\n\n\n\n<p>Con el avance de la vacunaci\u00f3n, una buena parte de los colegios e instituciones del pa\u00eds optaron por regresar a clases presenciales despu\u00e9s de un largo per\u00edodo. Los medios han dado bastante visibilidad a este asunto, pues es el segundo rubro con m\u00e1s art\u00edculos period\u00edsticos: el 43% de las notas cuentan con tono positivo, mientras que el 38% es de car\u00e1cter neutro. Las negativas solo registran el 16%.<\/p>\n\n\n\n<h3 class=\"wp-block-heading\"><strong>Vacunas y variantes de COVID-19<\/strong><\/h3>\n\n\n\n<p>La preocupaci\u00f3n por la aparici\u00f3n de nuevas variantes del virus sigue latente en diversos campos y mercados, y la educaci\u00f3n en M\u00e9xico no ha sido la excepci\u00f3n. Por otra parte, la obtenci\u00f3n de la vacuna de refuerzo para los sectores m\u00e1s j\u00f3venes de la poblaci\u00f3n sigue avanzando por todo el pa\u00eds.<\/p>\n\n\n\n<p>De acuerdo a nuestro an\u00e1lisis, el 86% de los art\u00edculos que implican a las vacunas contra covid-19 tienen un impacto positivo, las de tono neutro y negativo solo registran un 9% y 5% respectivamente.<\/p>\n\n\n\n<p><strong>Te puede interesar: <\/strong><a href=\"https:\/\/knewin.com\/es\/blog\/por-que-invertir-en-una-plataforma-para-el-monitoreo-de-medios-automatizado\/\" target=\"_blank\" rel=\"noreferrer noopener\"><strong>\u00bfPor qu\u00e9 invertir en una plataforma para el monitoreo de medios automatizado?<\/strong><\/a><\/p>\n\n\n\n<h3 class=\"wp-block-heading\"><strong>Gobierno<\/strong><\/h3>\n\n\n\n<p>Gran parte de la educaci\u00f3n en M\u00e9xico depende de esfuerzos e iniciativas gubernamentales, como es el presupuesto asignado, la infraestructura y, en el caso de los niveles b\u00e1sicos, la planeaci\u00f3n de los programas de estudio. Nuestro an\u00e1lisis revela que la valoraci\u00f3n de estos temas es uno de los m\u00e1s cerrados, pues el 43% de las notas es neutro, mientras que las positivas registran un 34% y las negativas un 22%.<\/p>\n\n\n\n<h3 class=\"wp-block-heading\"><strong>Tecnolog\u00eda y educaci\u00f3n online<\/strong><\/h3>\n\n\n\n<p>La pandemia ha orillado a muchas escuelas e instituciones a adoptar nuevas tecnolog\u00edas para seguir con los programas de clases de manera virtual. Ciertamente, <strong>este es un tema relativamente nuevo en el sector<\/strong>, aunque se espera que el n\u00famero de art\u00edculos aumente considerablemente en el transcurso del tiempo.&nbsp;<\/p>\n\n\n\n<p>De acuerdo a nuestro an\u00e1lisis, el 63% de las notas de educaci\u00f3n y tecnolog\u00eda son positivas, mientras que las neutras registran un 33%. Las negativas solo representan un 3% de la muestra.<\/p>\n\n\n\n<h3 class=\"wp-block-heading\"><strong>Condiciones laborales de los profesores<\/strong><\/h3>\n\n\n\n<p>Por \u00faltimo, pero no por ello menos importante, las condiciones laborales de los profesores es otro de los t\u00f3picos m\u00e1s importantes a seguir por los medios de comunicaci\u00f3n, lo cual es entendible dada la urgente necesidad de llevar mejores condiciones de educaci\u00f3n a zonas rurales del pa\u00eds, donde el profesorado es pieza clave.&nbsp;<\/p>\n\n\n\n<p>Los resultados muestran cifras interesantes: la gran mayor\u00eda de las notas, <strong>el 48% son de tono negativo<\/strong>, el 35% de car\u00e1cter neutral y solo el 16% es positivo, lo cual avala la necesidad de dar visibilidad y generar m\u00e1s conversaciones al respecto de este tema.&nbsp;<\/p>\n\n\n\n<p>Como uno de los pilares m\u00e1s importantes para el crecimiento del pa\u00eds, es importante que actores, organizaciones e instituciones se conviertan en jugadores activos que aporten y promuevan la importancia de la educaci\u00f3n en millones de personas. <\/p>\n\n\n\n<p>En este sentido, el <strong>monitoreo automatizado de medios<\/strong> puede ser una herramienta que les ayude a encontrar la manera de sumarse a la conversaci\u00f3n mediante una estrategia creativa.&nbsp;<\/p>\n\n\n\n<p>Si quieres saber c\u00f3mo usar una de nuestras herramientas, <a href=\"https:\/\/knewin.com\/es\/contacto\/\" target=\"_blank\" rel=\"noreferrer noopener\">contacta<\/a> a unos de nuestros asesores para una prueba demo.<\/p>\n\n\n\n<figure class=\"wp-block-image size-large\"><a href=\"https:\/\/knewin.com\/es\/contacto\/\" target=\"_blank\" rel=\"noopener\"><img decoding=\"async\" src=\"https:\/\/knewin.com\/wp-content\/uploads\/2021\/09\/contact-us-11-1024x311.png\" alt=\"\" class=\"wp-image-14394\"\/><\/a><\/figure>\n","protected":false},"excerpt":{"rendered":"<p>Como sucede en el resto de los pa\u00edses del mundo, la educaci\u00f3n, en todos sus niveles, es uno de los aspectos m\u00e1s importantes para el desarrollo de la sociedad en M\u00e9xico. Estar al tanto de este tema permite a quienes conforman este campo llevar a cabo acciones que mejoren la condici\u00f3n de millones de estudiantes, [&hellip;]<\/p>\n","protected":false},"author":6,"featured_media":23004,"comment_status":"open","ping_status":"open","sticky":false,"template":"","format":"standard","meta":{"footnotes":""},"categories":[1059],"tags":[1161,1159,1578,1140,1115,1526,1125,1122],"class_list":["post-2232","post","type-post","status-publish","format-standard","has-post-thumbnail","hentry","category-estudios-de-reputacion","tag-analisis-da-datos","tag-analisis-de-medios-es","tag-cobertura-de-educacion","tag-estudio-es","tag-monitoreo-de-noticias-es","tag-prensa-mexicana","tag-reporte-es","tag-tendencias-del-mercado-es"],"yoast_head":"<!-- This site is optimized with the Yoast SEO Premium plugin v27.0 (Yoast SEO v27.3) - https:\/\/yoast.com\/product\/yoast-seo-premium-wordpress\/ -->\n<title>La educaci\u00f3n y la prensa mexicana: \u00bfC\u00f3mo se desempe\u00f1a el tema en los medios de comunicaci\u00f3n? - Knewin<\/title>\n<meta name=\"description\" content=\"Como sucede en el resto de los pa\u00edses del mundo, la educaci\u00f3n, en todos sus niveles, es uno de los aspectos m\u00e1s importantes de la sociedad.\" \/>\n<meta name=\"robots\" content=\"index, follow, max-snippet:-1, max-image-preview:large, max-video-preview:-1\" \/>\n<link rel=\"canonical\" href=\"https:\/\/www.knewin.com\/es\/blog\/la-educacion-y-la-prensa-mexicana-como-se-desempena-el-tema-en-los-medios-de-comunicacion\/\" \/>\n<meta property=\"og:locale\" content=\"es_ES\" \/>\n<meta property=\"og:type\" content=\"article\" \/>\n<meta property=\"og:title\" content=\"La educaci\u00f3n y la prensa mexicana: \u00bfC\u00f3mo se desempe\u00f1a el tema en los medios de comunicaci\u00f3n?\" \/>\n<meta property=\"og:description\" content=\"Como sucede en el resto de los pa\u00edses del mundo, la educaci\u00f3n, en todos sus niveles, es uno de los aspectos m\u00e1s importantes de la sociedad.\" \/>\n<meta property=\"og:url\" content=\"https:\/\/www.knewin.com\/es\/blog\/la-educacion-y-la-prensa-mexicana-como-se-desempena-el-tema-en-los-medios-de-comunicacion\/\" \/>\n<meta property=\"og:site_name\" content=\"Knewin\" \/>\n<meta property=\"article:publisher\" content=\"https:\/\/www.facebook.com\/knewinoficial\/\" \/>\n<meta property=\"article:published_time\" content=\"2022-02-25T13:11:36+00:00\" \/>\n<meta property=\"article:modified_time\" content=\"2024-09-10T21:35:03+00:00\" \/>\n<meta property=\"og:image\" content=\"https:\/\/www.knewin.com\/wp-content\/uploads\/2024\/03\/educacao-.png\" \/>\n\t<meta property=\"og:image:width\" content=\"1200\" \/>\n\t<meta property=\"og:image:height\" content=\"600\" \/>\n\t<meta property=\"og:image:type\" content=\"image\/png\" \/>\n<meta name=\"author\" content=\"Aline Silva\" \/>\n<meta name=\"twitter:card\" content=\"summary_large_image\" \/>\n<meta name=\"twitter:creator\" content=\"@knewin_\" \/>\n<meta name=\"twitter:site\" content=\"@knewin_\" \/>\n<meta name=\"twitter:label1\" content=\"Escrito por\" \/>\n\t<meta name=\"twitter:data1\" content=\"Aline Silva\" \/>\n\t<meta name=\"twitter:label2\" content=\"Tiempo de lectura\" \/>\n\t<meta name=\"twitter:data2\" content=\"6 minutos\" \/>\n<script type=\"application\/ld+json\" class=\"yoast-schema-graph\">{\"@context\":\"https:\\\/\\\/schema.org\",\"@graph\":[{\"@type\":[\"Article\",\"BlogPosting\"],\"@id\":\"https:\\\/\\\/www.knewin.com\\\/es\\\/blog\\\/la-educacion-y-la-prensa-mexicana-como-se-desempena-el-tema-en-los-medios-de-comunicacion\\\/#article\",\"isPartOf\":{\"@id\":\"https:\\\/\\\/www.knewin.com\\\/es\\\/blog\\\/la-educacion-y-la-prensa-mexicana-como-se-desempena-el-tema-en-los-medios-de-comunicacion\\\/\"},\"author\":{\"name\":\"Aline Silva\",\"@id\":\"https:\\\/\\\/www.knewin.com\\\/#\\\/schema\\\/person\\\/ee71f003995c0b672c6a3328797faf1d\"},\"headline\":\"La educaci\u00f3n y la prensa mexicana: \u00bfC\u00f3mo se desempe\u00f1a el tema en los medios de comunicaci\u00f3n?\",\"datePublished\":\"2022-02-25T13:11:36+00:00\",\"dateModified\":\"2024-09-10T21:35:03+00:00\",\"mainEntityOfPage\":{\"@id\":\"https:\\\/\\\/www.knewin.com\\\/es\\\/blog\\\/la-educacion-y-la-prensa-mexicana-como-se-desempena-el-tema-en-los-medios-de-comunicacion\\\/\"},\"wordCount\":1060,\"commentCount\":0,\"publisher\":{\"@id\":\"https:\\\/\\\/www.knewin.com\\\/#organization\"},\"image\":{\"@id\":\"https:\\\/\\\/www.knewin.com\\\/es\\\/blog\\\/la-educacion-y-la-prensa-mexicana-como-se-desempena-el-tema-en-los-medios-de-comunicacion\\\/#primaryimage\"},\"thumbnailUrl\":\"https:\\\/\\\/www.knewin.com\\\/wp-content\\\/uploads\\\/2024\\\/03\\\/educacao-.png\",\"keywords\":[\"analisis da datos\",\"an\u00e1lisis de medios\",\"cobertura de educaci\u00f3n\",\"estudio\",\"monitoreo de noticias\",\"prensa mexicana\",\"reporte\",\"tendencias del mercado\"],\"articleSection\":[\"Estudios de Reputaci\u00f3n\"],\"inLanguage\":\"es\",\"potentialAction\":[{\"@type\":\"CommentAction\",\"name\":\"Comment\",\"target\":[\"https:\\\/\\\/www.knewin.com\\\/es\\\/blog\\\/la-educacion-y-la-prensa-mexicana-como-se-desempena-el-tema-en-los-medios-de-comunicacion\\\/#respond\"]}]},{\"@type\":\"WebPage\",\"@id\":\"https:\\\/\\\/www.knewin.com\\\/es\\\/blog\\\/la-educacion-y-la-prensa-mexicana-como-se-desempena-el-tema-en-los-medios-de-comunicacion\\\/\",\"url\":\"https:\\\/\\\/www.knewin.com\\\/es\\\/blog\\\/la-educacion-y-la-prensa-mexicana-como-se-desempena-el-tema-en-los-medios-de-comunicacion\\\/\",\"name\":\"La educaci\u00f3n y la prensa mexicana: \u00bfC\u00f3mo se desempe\u00f1a el tema en los medios de comunicaci\u00f3n? - Knewin\",\"isPartOf\":{\"@id\":\"https:\\\/\\\/www.knewin.com\\\/#website\"},\"primaryImageOfPage\":{\"@id\":\"https:\\\/\\\/www.knewin.com\\\/es\\\/blog\\\/la-educacion-y-la-prensa-mexicana-como-se-desempena-el-tema-en-los-medios-de-comunicacion\\\/#primaryimage\"},\"image\":{\"@id\":\"https:\\\/\\\/www.knewin.com\\\/es\\\/blog\\\/la-educacion-y-la-prensa-mexicana-como-se-desempena-el-tema-en-los-medios-de-comunicacion\\\/#primaryimage\"},\"thumbnailUrl\":\"https:\\\/\\\/www.knewin.com\\\/wp-content\\\/uploads\\\/2024\\\/03\\\/educacao-.png\",\"datePublished\":\"2022-02-25T13:11:36+00:00\",\"dateModified\":\"2024-09-10T21:35:03+00:00\",\"description\":\"Como sucede en el resto de los pa\u00edses del mundo, la educaci\u00f3n, en todos sus niveles, es uno de los aspectos m\u00e1s importantes de la sociedad.\",\"breadcrumb\":{\"@id\":\"https:\\\/\\\/www.knewin.com\\\/es\\\/blog\\\/la-educacion-y-la-prensa-mexicana-como-se-desempena-el-tema-en-los-medios-de-comunicacion\\\/#breadcrumb\"},\"inLanguage\":\"es\",\"potentialAction\":[{\"@type\":\"ReadAction\",\"target\":[\"https:\\\/\\\/www.knewin.com\\\/es\\\/blog\\\/la-educacion-y-la-prensa-mexicana-como-se-desempena-el-tema-en-los-medios-de-comunicacion\\\/\"]}]},{\"@type\":\"ImageObject\",\"inLanguage\":\"es\",\"@id\":\"https:\\\/\\\/www.knewin.com\\\/es\\\/blog\\\/la-educacion-y-la-prensa-mexicana-como-se-desempena-el-tema-en-los-medios-de-comunicacion\\\/#primaryimage\",\"url\":\"https:\\\/\\\/www.knewin.com\\\/wp-content\\\/uploads\\\/2024\\\/03\\\/educacao-.png\",\"contentUrl\":\"https:\\\/\\\/www.knewin.com\\\/wp-content\\\/uploads\\\/2024\\\/03\\\/educacao-.png\",\"width\":1200,\"height\":600,\"caption\":\"educa\u00e7\u00e3o\"},{\"@type\":\"BreadcrumbList\",\"@id\":\"https:\\\/\\\/www.knewin.com\\\/es\\\/blog\\\/la-educacion-y-la-prensa-mexicana-como-se-desempena-el-tema-en-los-medios-de-comunicacion\\\/#breadcrumb\",\"itemListElement\":[{\"@type\":\"ListItem\",\"position\":1,\"name\":\"In\u00edcio\",\"item\":\"https:\\\/\\\/www.knewin.com\\\/es\\\/\"},{\"@type\":\"ListItem\",\"position\":2,\"name\":\"La educaci\u00f3n y la prensa mexicana: \u00bfC\u00f3mo se desempe\u00f1a el tema en los medios de comunicaci\u00f3n?\"}]},{\"@type\":\"WebSite\",\"@id\":\"https:\\\/\\\/www.knewin.com\\\/#website\",\"url\":\"https:\\\/\\\/www.knewin.com\\\/\",\"name\":\"Knewin\",\"description\":\"A maior empresa de tecnologia e dados para gest\u00e3o de reputa\u00e7\u00e3o na Am\u00e9rica Latina.\",\"publisher\":{\"@id\":\"https:\\\/\\\/www.knewin.com\\\/#organization\"},\"alternateName\":\"Knewin - Tecnologia e dados para gest\u00e3o de reputa\u00e7\u00e3o\",\"potentialAction\":[{\"@type\":\"SearchAction\",\"target\":{\"@type\":\"EntryPoint\",\"urlTemplate\":\"https:\\\/\\\/www.knewin.com\\\/?s={search_term_string}\"},\"query-input\":{\"@type\":\"PropertyValueSpecification\",\"valueRequired\":true,\"valueName\":\"search_term_string\"}}],\"inLanguage\":\"es\"},{\"@type\":\"Organization\",\"@id\":\"https:\\\/\\\/www.knewin.com\\\/#organization\",\"name\":\"Knewin\",\"alternateName\":\"Knewin - A maior empresa de tecnologia e dados para gest\u00e3o de reputa\u00e7\u00e3o\",\"url\":\"https:\\\/\\\/www.knewin.com\\\/\",\"logo\":{\"@type\":\"ImageObject\",\"inLanguage\":\"es\",\"@id\":\"https:\\\/\\\/www.knewin.com\\\/#\\\/schema\\\/logo\\\/image\\\/\",\"url\":\"https:\\\/\\\/knewin.com\\\/wp-content\\\/uploads\\\/2025\\\/01\\\/Knewin-imagem-home.webp\",\"contentUrl\":\"https:\\\/\\\/knewin.com\\\/wp-content\\\/uploads\\\/2025\\\/01\\\/Knewin-imagem-home.webp\",\"width\":600,\"height\":600,\"caption\":\"Knewin\"},\"image\":{\"@id\":\"https:\\\/\\\/www.knewin.com\\\/#\\\/schema\\\/logo\\\/image\\\/\"},\"sameAs\":[\"https:\\\/\\\/www.facebook.com\\\/knewinoficial\\\/\",\"https:\\\/\\\/x.com\\\/knewin_\",\"https:\\\/\\\/www.instagram.com\\\/knewinoficial\\\/\",\"https:\\\/\\\/www.linkedin.com\\\/company\\\/knewinoficial\",\"https:\\\/\\\/www.youtube.com\\\/@knewinoficial\"],\"description\":\"A Knewin foi fundada em 2011 com o prop\u00f3sito de melhorar a sociedade por meio de empresas respons\u00e1veis e comprometidas com os seus p\u00fablicos. Para conquistar esse objetivo, investiu em tecnologias de intelig\u00eancia de dados e intelig\u00eancia artificial para traduzir dados em sentimentos dos stakeholders.\",\"foundingDate\":\"2011-02-01\"},{\"@type\":\"Person\",\"@id\":\"https:\\\/\\\/www.knewin.com\\\/#\\\/schema\\\/person\\\/ee71f003995c0b672c6a3328797faf1d\",\"name\":\"Aline Silva\",\"image\":{\"@type\":\"ImageObject\",\"inLanguage\":\"es\",\"@id\":\"https:\\\/\\\/secure.gravatar.com\\\/avatar\\\/802088e385e2ba060dec8e5550a1c1ce2155a18d41cd0ef5553617a3c793967b?s=96&d=mm&r=g\",\"url\":\"https:\\\/\\\/secure.gravatar.com\\\/avatar\\\/802088e385e2ba060dec8e5550a1c1ce2155a18d41cd0ef5553617a3c793967b?s=96&d=mm&r=g\",\"contentUrl\":\"https:\\\/\\\/secure.gravatar.com\\\/avatar\\\/802088e385e2ba060dec8e5550a1c1ce2155a18d41cd0ef5553617a3c793967b?s=96&d=mm&r=g\",\"caption\":\"Aline Silva\"},\"url\":\"https:\\\/\\\/www.knewin.com\\\/es\\\/blog\\\/author\\\/aline-silva\\\/\"}]}<\/script>\n<!-- \/ Yoast SEO Premium plugin. -->","yoast_head_json":{"title":"La educaci\u00f3n y la prensa mexicana: \u00bfC\u00f3mo se desempe\u00f1a el tema en los medios de comunicaci\u00f3n? - Knewin","description":"Como sucede en el resto de los pa\u00edses del mundo, la educaci\u00f3n, en todos sus niveles, es uno de los aspectos m\u00e1s importantes de la sociedad.","robots":{"index":"index","follow":"follow","max-snippet":"max-snippet:-1","max-image-preview":"max-image-preview:large","max-video-preview":"max-video-preview:-1"},"canonical":"https:\/\/www.knewin.com\/es\/blog\/la-educacion-y-la-prensa-mexicana-como-se-desempena-el-tema-en-los-medios-de-comunicacion\/","og_locale":"es_ES","og_type":"article","og_title":"La educaci\u00f3n y la prensa mexicana: \u00bfC\u00f3mo se desempe\u00f1a el tema en los medios de comunicaci\u00f3n?","og_description":"Como sucede en el resto de los pa\u00edses del mundo, la educaci\u00f3n, en todos sus niveles, es uno de los aspectos m\u00e1s importantes de la sociedad.","og_url":"https:\/\/www.knewin.com\/es\/blog\/la-educacion-y-la-prensa-mexicana-como-se-desempena-el-tema-en-los-medios-de-comunicacion\/","og_site_name":"Knewin","article_publisher":"https:\/\/www.facebook.com\/knewinoficial\/","article_published_time":"2022-02-25T13:11:36+00:00","article_modified_time":"2024-09-10T21:35:03+00:00","og_image":[{"width":1200,"height":600,"url":"https:\/\/www.knewin.com\/wp-content\/uploads\/2024\/03\/educacao-.png","type":"image\/png"}],"author":"Aline Silva","twitter_card":"summary_large_image","twitter_creator":"@knewin_","twitter_site":"@knewin_","twitter_misc":{"Escrito por":"Aline Silva","Tiempo de lectura":"6 minutos"},"schema":{"@context":"https:\/\/schema.org","@graph":[{"@type":["Article","BlogPosting"],"@id":"https:\/\/www.knewin.com\/es\/blog\/la-educacion-y-la-prensa-mexicana-como-se-desempena-el-tema-en-los-medios-de-comunicacion\/#article","isPartOf":{"@id":"https:\/\/www.knewin.com\/es\/blog\/la-educacion-y-la-prensa-mexicana-como-se-desempena-el-tema-en-los-medios-de-comunicacion\/"},"author":{"name":"Aline Silva","@id":"https:\/\/www.knewin.com\/#\/schema\/person\/ee71f003995c0b672c6a3328797faf1d"},"headline":"La educaci\u00f3n y la prensa mexicana: \u00bfC\u00f3mo se desempe\u00f1a el tema en los medios de comunicaci\u00f3n?","datePublished":"2022-02-25T13:11:36+00:00","dateModified":"2024-09-10T21:35:03+00:00","mainEntityOfPage":{"@id":"https:\/\/www.knewin.com\/es\/blog\/la-educacion-y-la-prensa-mexicana-como-se-desempena-el-tema-en-los-medios-de-comunicacion\/"},"wordCount":1060,"commentCount":0,"publisher":{"@id":"https:\/\/www.knewin.com\/#organization"},"image":{"@id":"https:\/\/www.knewin.com\/es\/blog\/la-educacion-y-la-prensa-mexicana-como-se-desempena-el-tema-en-los-medios-de-comunicacion\/#primaryimage"},"thumbnailUrl":"https:\/\/www.knewin.com\/wp-content\/uploads\/2024\/03\/educacao-.png","keywords":["analisis da datos","an\u00e1lisis de medios","cobertura de educaci\u00f3n","estudio","monitoreo de noticias","prensa mexicana","reporte","tendencias del mercado"],"articleSection":["Estudios de Reputaci\u00f3n"],"inLanguage":"es","potentialAction":[{"@type":"CommentAction","name":"Comment","target":["https:\/\/www.knewin.com\/es\/blog\/la-educacion-y-la-prensa-mexicana-como-se-desempena-el-tema-en-los-medios-de-comunicacion\/#respond"]}]},{"@type":"WebPage","@id":"https:\/\/www.knewin.com\/es\/blog\/la-educacion-y-la-prensa-mexicana-como-se-desempena-el-tema-en-los-medios-de-comunicacion\/","url":"https:\/\/www.knewin.com\/es\/blog\/la-educacion-y-la-prensa-mexicana-como-se-desempena-el-tema-en-los-medios-de-comunicacion\/","name":"La educaci\u00f3n y la prensa mexicana: \u00bfC\u00f3mo se desempe\u00f1a el tema en los medios de comunicaci\u00f3n? - Knewin","isPartOf":{"@id":"https:\/\/www.knewin.com\/#website"},"primaryImageOfPage":{"@id":"https:\/\/www.knewin.com\/es\/blog\/la-educacion-y-la-prensa-mexicana-como-se-desempena-el-tema-en-los-medios-de-comunicacion\/#primaryimage"},"image":{"@id":"https:\/\/www.knewin.com\/es\/blog\/la-educacion-y-la-prensa-mexicana-como-se-desempena-el-tema-en-los-medios-de-comunicacion\/#primaryimage"},"thumbnailUrl":"https:\/\/www.knewin.com\/wp-content\/uploads\/2024\/03\/educacao-.png","datePublished":"2022-02-25T13:11:36+00:00","dateModified":"2024-09-10T21:35:03+00:00","description":"Como sucede en el resto de los pa\u00edses del mundo, la educaci\u00f3n, en todos sus niveles, es uno de los aspectos m\u00e1s importantes de la sociedad.","breadcrumb":{"@id":"https:\/\/www.knewin.com\/es\/blog\/la-educacion-y-la-prensa-mexicana-como-se-desempena-el-tema-en-los-medios-de-comunicacion\/#breadcrumb"},"inLanguage":"es","potentialAction":[{"@type":"ReadAction","target":["https:\/\/www.knewin.com\/es\/blog\/la-educacion-y-la-prensa-mexicana-como-se-desempena-el-tema-en-los-medios-de-comunicacion\/"]}]},{"@type":"ImageObject","inLanguage":"es","@id":"https:\/\/www.knewin.com\/es\/blog\/la-educacion-y-la-prensa-mexicana-como-se-desempena-el-tema-en-los-medios-de-comunicacion\/#primaryimage","url":"https:\/\/www.knewin.com\/wp-content\/uploads\/2024\/03\/educacao-.png","contentUrl":"https:\/\/www.knewin.com\/wp-content\/uploads\/2024\/03\/educacao-.png","width":1200,"height":600,"caption":"educa\u00e7\u00e3o"},{"@type":"BreadcrumbList","@id":"https:\/\/www.knewin.com\/es\/blog\/la-educacion-y-la-prensa-mexicana-como-se-desempena-el-tema-en-los-medios-de-comunicacion\/#breadcrumb","itemListElement":[{"@type":"ListItem","position":1,"name":"In\u00edcio","item":"https:\/\/www.knewin.com\/es\/"},{"@type":"ListItem","position":2,"name":"La educaci\u00f3n y la prensa mexicana: \u00bfC\u00f3mo se desempe\u00f1a el tema en los medios de comunicaci\u00f3n?"}]},{"@type":"WebSite","@id":"https:\/\/www.knewin.com\/#website","url":"https:\/\/www.knewin.com\/","name":"Knewin","description":"A maior empresa de tecnologia e dados para gest\u00e3o de reputa\u00e7\u00e3o na Am\u00e9rica Latina.","publisher":{"@id":"https:\/\/www.knewin.com\/#organization"},"alternateName":"Knewin - Tecnologia e dados para gest\u00e3o de reputa\u00e7\u00e3o","potentialAction":[{"@type":"SearchAction","target":{"@type":"EntryPoint","urlTemplate":"https:\/\/www.knewin.com\/?s={search_term_string}"},"query-input":{"@type":"PropertyValueSpecification","valueRequired":true,"valueName":"search_term_string"}}],"inLanguage":"es"},{"@type":"Organization","@id":"https:\/\/www.knewin.com\/#organization","name":"Knewin","alternateName":"Knewin - A maior empresa de tecnologia e dados para gest\u00e3o de reputa\u00e7\u00e3o","url":"https:\/\/www.knewin.com\/","logo":{"@type":"ImageObject","inLanguage":"es","@id":"https:\/\/www.knewin.com\/#\/schema\/logo\/image\/","url":"https:\/\/knewin.com\/wp-content\/uploads\/2025\/01\/Knewin-imagem-home.webp","contentUrl":"https:\/\/knewin.com\/wp-content\/uploads\/2025\/01\/Knewin-imagem-home.webp","width":600,"height":600,"caption":"Knewin"},"image":{"@id":"https:\/\/www.knewin.com\/#\/schema\/logo\/image\/"},"sameAs":["https:\/\/www.facebook.com\/knewinoficial\/","https:\/\/x.com\/knewin_","https:\/\/www.instagram.com\/knewinoficial\/","https:\/\/www.linkedin.com\/company\/knewinoficial","https:\/\/www.youtube.com\/@knewinoficial"],"description":"A Knewin foi fundada em 2011 com o prop\u00f3sito de melhorar a sociedade por meio de empresas respons\u00e1veis e comprometidas com os seus p\u00fablicos. Para conquistar esse objetivo, investiu em tecnologias de intelig\u00eancia de dados e intelig\u00eancia artificial para traduzir dados em sentimentos dos stakeholders.","foundingDate":"2011-02-01"},{"@type":"Person","@id":"https:\/\/www.knewin.com\/#\/schema\/person\/ee71f003995c0b672c6a3328797faf1d","name":"Aline Silva","image":{"@type":"ImageObject","inLanguage":"es","@id":"https:\/\/secure.gravatar.com\/avatar\/802088e385e2ba060dec8e5550a1c1ce2155a18d41cd0ef5553617a3c793967b?s=96&d=mm&r=g","url":"https:\/\/secure.gravatar.com\/avatar\/802088e385e2ba060dec8e5550a1c1ce2155a18d41cd0ef5553617a3c793967b?s=96&d=mm&r=g","contentUrl":"https:\/\/secure.gravatar.com\/avatar\/802088e385e2ba060dec8e5550a1c1ce2155a18d41cd0ef5553617a3c793967b?s=96&d=mm&r=g","caption":"Aline Silva"},"url":"https:\/\/www.knewin.com\/es\/blog\/author\/aline-silva\/"}]}},"_links":{"self":[{"href":"https:\/\/www.knewin.com\/es\/wp-json\/wp\/v2\/posts\/2232","targetHints":{"allow":["GET"]}}],"collection":[{"href":"https:\/\/www.knewin.com\/es\/wp-json\/wp\/v2\/posts"}],"about":[{"href":"https:\/\/www.knewin.com\/es\/wp-json\/wp\/v2\/types\/post"}],"author":[{"embeddable":true,"href":"https:\/\/www.knewin.com\/es\/wp-json\/wp\/v2\/users\/6"}],"replies":[{"embeddable":true,"href":"https:\/\/www.knewin.com\/es\/wp-json\/wp\/v2\/comments?post=2232"}],"version-history":[{"count":0,"href":"https:\/\/www.knewin.com\/es\/wp-json\/wp\/v2\/posts\/2232\/revisions"}],"wp:featuredmedia":[{"embeddable":true,"href":"https:\/\/www.knewin.com\/es\/wp-json\/wp\/v2\/media\/23004"}],"wp:attachment":[{"href":"https:\/\/www.knewin.com\/es\/wp-json\/wp\/v2\/media?parent=2232"}],"wp:term":[{"taxonomy":"category","embeddable":true,"href":"https:\/\/www.knewin.com\/es\/wp-json\/wp\/v2\/categories?post=2232"},{"taxonomy":"post_tag","embeddable":true,"href":"https:\/\/www.knewin.com\/es\/wp-json\/wp\/v2\/tags?post=2232"}],"curies":[{"name":"wp","href":"https:\/\/api.w.org\/{rel}","templated":true}]}}