{"id":2246,"date":"2022-03-31T13:27:53","date_gmt":"2022-03-31T16:27:53","guid":{"rendered":"https:\/\/fsantosteste.com\/gestion-de-crisis-por-que-hacer-un-monitoreo-en-tiempo-real\/"},"modified":"2024-09-10T18:22:42","modified_gmt":"2024-09-10T21:22:42","slug":"gestion-de-crisis-por-que-hacer-un-monitoreo-en-tiempo-real","status":"publish","type":"post","link":"https:\/\/www.knewin.com\/es\/blog\/gestion-de-crisis-por-que-hacer-un-monitoreo-en-tiempo-real\/","title":{"rendered":"Gesti\u00f3n de crisis: \u00bfPor qu\u00e9 hacer un monitoreo en tiempo real?"},"content":{"rendered":"<p><span style=\"font-weight: 400;\"><strong>Cuando hablamos de gesti\u00f3n de crisis es fundamental pensar en el t\u00e9rmino instantaneidad.<\/strong> Esta es una de las principales caracter\u00edsticas del mundo actual. Con la gente cada vez m\u00e1s conectada a las redes sociales, las aplicaciones de mensajer\u00eda y otras plataformas digitales, toda la informaci\u00f3n fluye a una velocidad asombrosa.<\/span><\/p>\n<p><span style=\"font-weight: 400;\">Sin embargo, <strong>es importante destacar que toda esta agilidad tiene dos caras.<\/strong> Si bien aporta varios beneficios en la comunicaci\u00f3n de las empresas y en la vida cotidiana de las personas, requiere un mayor seguimiento en una estrategia de gesti\u00f3n de crisis.<\/span><\/p>\n<p><span style=\"font-weight: 400;\"><strong>Esto significa que el tiempo para posicionarse frente a una crisis de imagen es cada vez m\u00e1s corto.<\/strong> Y esta urgencia hace que el seguimiento de la informaci\u00f3n en tiempo real sea una parte esencial para que las asesor\u00edas de prensa y los equipos de comunicaci\u00f3n act\u00faen con seguridad y eficacia.<\/span><\/p>\n<h2><b>Cuanto m\u00e1s agilidad tengas, mejor ser\u00e1 la gesti\u00f3n de crisis<\/b><\/h2>\n<p><span style=\"font-weight: 400;\">Las noticias falsas, las cr\u00edticas de los influencers, los ataques de los haters en las redes sociales, los contenidos virales, los editoriales de los peri\u00f3dicos y los reportajes de televisi\u00f3n en horario de m\u00e1xima audiencia: <strong>todo ello debe estar en tu radar.<\/strong><\/span><\/p>\n<p><span style=\"font-weight: 400;\">Al fin y al cabo, estar atento a todo lo que ocurre en las distintas plataformas y veh\u00edculos de comunicaci\u00f3n es esencial para actuar con agilidad y asertividad.<strong> Y cuando se gestiona una crisis en un mundo cada vez m\u00e1s inmediato, 1 segundo marca la diferencia.<\/strong><\/span><\/p>\n<p>Teniendo en cuenta este contexto, hemos preparado un ebook para que entienda c\u00f3mo el monitoreo en tiempo real es indispensable en la gesti\u00f3n de crisis y el cuidado de la <a href=\"https:\/\/knewin.com\/es\/blog\/5-principios-de-la-gestion-de-reputacion-de-marca\/\" target=\"_blank\" rel=\"noopener\">reputaci\u00f3n de la marca<\/a>.<\/p>\n<p><span style=\"font-weight: 400;\">Chequea lo que aprender\u00e1 con nuestro e-book:<\/span><\/p>\n<ul>\n<li style=\"font-weight: 400;\" aria-level=\"1\"><span style=\"font-weight: 400;\">Empezar a planificar la gesti\u00f3n de crisis.<\/span><\/li>\n<li style=\"font-weight: 400;\" aria-level=\"1\"><span style=\"font-weight: 400;\">La importancia del monitoreo en tiempo real<\/span><\/li>\n<li style=\"font-weight: 400;\" aria-level=\"1\"><span style=\"font-weight: 400;\">El monitoreo de prensa y las redes sociales en la gesti\u00f3n de crisis<\/span><\/li>\n<li style=\"font-weight: 400;\" aria-level=\"1\"><span style=\"font-weight: 400;\">El uso de datos en la estrategia de gesti\u00f3n de crisis<\/span><\/li>\n<\/ul>\n<p><span style=\"font-weight: 400;\">Para descargar el material, haga <a href=\"https:\/\/knewin.com\/es\/ebook-gestion-de-crisis-en-tiempo-real\/\" target=\"_blank\" rel=\"noopener\">clic aqu\u00ed\u00a0<\/a><\/span><\/p>\n<p><a href=\"https:\/\/knewin.com\/es\/ebook-gestion-de-crisis-en-tiempo-real\/\" target=\"_blank\" rel=\"noopener\"><img fetchpriority=\"high\" decoding=\"async\" class=\"aligncenter wp-image-15729 size-full\" src=\"https:\/\/knewin.com\/wp-content\/uploads\/2022\/03\/contact-us-7.png\" alt=\"\" width=\"1400\" height=\"425\" \/><\/a><\/p>\n","protected":false},"excerpt":{"rendered":"<p>Cuando hablamos de gesti\u00f3n de crisis es fundamental pensar en el t\u00e9rmino instantaneidad. Esta es una de las principales caracter\u00edsticas del mundo actual. Con la gente cada vez m\u00e1s conectada a las redes sociales, las aplicaciones de mensajer\u00eda y otras plataformas digitales, toda la informaci\u00f3n fluye a una velocidad asombrosa. Sin embargo, es importante destacar [&hellip;]<\/p>\n","protected":false},"author":6,"featured_media":22941,"comment_status":"open","ping_status":"open","sticky":false,"template":"","format":"standard","meta":{"footnotes":""},"categories":[1064],"tags":[1078,1116,1074,1090,1117,1095,1144,1118],"class_list":["post-2246","post","type-post","status-publish","format-standard","has-post-thumbnail","hentry","category-monitoreo-de-medios","tag-comunicacion-estrategica","tag-gestion-de-crisis-es","tag-gestion-de-reputacion-es","tag-monitoreo-es","tag-monitoreo-de-medios-es","tag-planificacion","tag-reporte-de-clipping-es","tag-reputacion-de-marca-es"],"yoast_head":"<!-- This site is optimized with the Yoast SEO Premium plugin v27.0 (Yoast SEO v27.3) - https:\/\/yoast.com\/product\/yoast-seo-premium-wordpress\/ -->\n<title>Gesti\u00f3n de crisis: \u00bfPor qu\u00e9 hacer un monitoreo en tiempo real?<\/title>\n<meta name=\"description\" content=\"El tiempo para posicionarse frente a una gesti\u00f3n de crisis es cada vez m\u00e1s corto y el monitoreo en tiempo real es esencial en tu estrategia.\" \/>\n<meta name=\"robots\" content=\"index, follow, max-snippet:-1, max-image-preview:large, max-video-preview:-1\" \/>\n<link rel=\"canonical\" href=\"https:\/\/www.knewin.com\/es\/blog\/gestion-de-crisis-por-que-hacer-un-monitoreo-en-tiempo-real\/\" \/>\n<meta property=\"og:locale\" content=\"es_ES\" \/>\n<meta property=\"og:type\" content=\"article\" \/>\n<meta property=\"og:title\" content=\"Gesti\u00f3n de crisis: \u00bfPor qu\u00e9 hacer un monitoreo en tiempo real?\" \/>\n<meta property=\"og:description\" content=\"El tiempo para posicionarse frente a una gesti\u00f3n de crisis es cada vez m\u00e1s corto y el monitoreo en tiempo real es esencial en tu estrategia.\" \/>\n<meta property=\"og:url\" content=\"https:\/\/www.knewin.com\/es\/blog\/gestion-de-crisis-por-que-hacer-un-monitoreo-en-tiempo-real\/\" \/>\n<meta property=\"og:site_name\" content=\"Knewin\" \/>\n<meta property=\"article:publisher\" content=\"https:\/\/www.facebook.com\/knewinoficial\/\" \/>\n<meta property=\"article:published_time\" content=\"2022-03-31T16:27:53+00:00\" \/>\n<meta property=\"article:modified_time\" content=\"2024-09-10T21:22:42+00:00\" \/>\n<meta property=\"og:image\" content=\"https:\/\/www.knewin.com\/wp-content\/uploads\/2024\/03\/GESTIoN-DE-CRISIS.png\" \/>\n\t<meta property=\"og:image:width\" content=\"1200\" \/>\n\t<meta property=\"og:image:height\" content=\"600\" \/>\n\t<meta property=\"og:image:type\" content=\"image\/png\" \/>\n<meta name=\"author\" content=\"Aline Silva\" \/>\n<meta name=\"twitter:card\" content=\"summary_large_image\" \/>\n<meta name=\"twitter:creator\" content=\"@knewin_\" \/>\n<meta name=\"twitter:site\" content=\"@knewin_\" \/>\n<meta name=\"twitter:label1\" content=\"Escrito por\" \/>\n\t<meta name=\"twitter:data1\" content=\"Aline Silva\" \/>\n\t<meta name=\"twitter:label2\" content=\"Tiempo de lectura\" \/>\n\t<meta name=\"twitter:data2\" content=\"3 minutos\" \/>\n<script type=\"application\/ld+json\" class=\"yoast-schema-graph\">{\"@context\":\"https:\\\/\\\/schema.org\",\"@graph\":[{\"@type\":[\"Article\",\"BlogPosting\"],\"@id\":\"https:\\\/\\\/www.knewin.com\\\/es\\\/blog\\\/gestion-de-crisis-por-que-hacer-un-monitoreo-en-tiempo-real\\\/#article\",\"isPartOf\":{\"@id\":\"https:\\\/\\\/www.knewin.com\\\/es\\\/blog\\\/gestion-de-crisis-por-que-hacer-un-monitoreo-en-tiempo-real\\\/\"},\"author\":{\"name\":\"Aline Silva\",\"@id\":\"https:\\\/\\\/www.knewin.com\\\/#\\\/schema\\\/person\\\/ee71f003995c0b672c6a3328797faf1d\"},\"headline\":\"Gesti\u00f3n de crisis: \u00bfPor qu\u00e9 hacer un monitoreo en tiempo real?\",\"datePublished\":\"2022-03-31T16:27:53+00:00\",\"dateModified\":\"2024-09-10T21:22:42+00:00\",\"mainEntityOfPage\":{\"@id\":\"https:\\\/\\\/www.knewin.com\\\/es\\\/blog\\\/gestion-de-crisis-por-que-hacer-un-monitoreo-en-tiempo-real\\\/\"},\"wordCount\":366,\"commentCount\":0,\"publisher\":{\"@id\":\"https:\\\/\\\/www.knewin.com\\\/#organization\"},\"image\":{\"@id\":\"https:\\\/\\\/www.knewin.com\\\/es\\\/blog\\\/gestion-de-crisis-por-que-hacer-un-monitoreo-en-tiempo-real\\\/#primaryimage\"},\"thumbnailUrl\":\"https:\\\/\\\/www.knewin.com\\\/wp-content\\\/uploads\\\/2024\\\/03\\\/GESTIoN-DE-CRISIS.png\",\"keywords\":[\"comunicaci\u00f3n estrat\u00e9gica\",\"gestion de crisis\",\"gesti\u00f3n de reputaci\u00f3n\",\"monitoreo\",\"monitoreo de medios\",\"planificacion\",\"reporte de clipping\",\"reputaci\u00f3n de marca\"],\"articleSection\":[\"Monitoreo de Medios\"],\"inLanguage\":\"es\",\"potentialAction\":[{\"@type\":\"CommentAction\",\"name\":\"Comment\",\"target\":[\"https:\\\/\\\/www.knewin.com\\\/es\\\/blog\\\/gestion-de-crisis-por-que-hacer-un-monitoreo-en-tiempo-real\\\/#respond\"]}]},{\"@type\":\"WebPage\",\"@id\":\"https:\\\/\\\/www.knewin.com\\\/es\\\/blog\\\/gestion-de-crisis-por-que-hacer-un-monitoreo-en-tiempo-real\\\/\",\"url\":\"https:\\\/\\\/www.knewin.com\\\/es\\\/blog\\\/gestion-de-crisis-por-que-hacer-un-monitoreo-en-tiempo-real\\\/\",\"name\":\"Gesti\u00f3n de crisis: \u00bfPor qu\u00e9 hacer un monitoreo en tiempo real?\",\"isPartOf\":{\"@id\":\"https:\\\/\\\/www.knewin.com\\\/#website\"},\"primaryImageOfPage\":{\"@id\":\"https:\\\/\\\/www.knewin.com\\\/es\\\/blog\\\/gestion-de-crisis-por-que-hacer-un-monitoreo-en-tiempo-real\\\/#primaryimage\"},\"image\":{\"@id\":\"https:\\\/\\\/www.knewin.com\\\/es\\\/blog\\\/gestion-de-crisis-por-que-hacer-un-monitoreo-en-tiempo-real\\\/#primaryimage\"},\"thumbnailUrl\":\"https:\\\/\\\/www.knewin.com\\\/wp-content\\\/uploads\\\/2024\\\/03\\\/GESTIoN-DE-CRISIS.png\",\"datePublished\":\"2022-03-31T16:27:53+00:00\",\"dateModified\":\"2024-09-10T21:22:42+00:00\",\"description\":\"El tiempo para posicionarse frente a una gesti\u00f3n de crisis es cada vez m\u00e1s corto y el monitoreo en tiempo real es esencial en tu estrategia.\",\"breadcrumb\":{\"@id\":\"https:\\\/\\\/www.knewin.com\\\/es\\\/blog\\\/gestion-de-crisis-por-que-hacer-un-monitoreo-en-tiempo-real\\\/#breadcrumb\"},\"inLanguage\":\"es\",\"potentialAction\":[{\"@type\":\"ReadAction\",\"target\":[\"https:\\\/\\\/www.knewin.com\\\/es\\\/blog\\\/gestion-de-crisis-por-que-hacer-un-monitoreo-en-tiempo-real\\\/\"]}]},{\"@type\":\"ImageObject\",\"inLanguage\":\"es\",\"@id\":\"https:\\\/\\\/www.knewin.com\\\/es\\\/blog\\\/gestion-de-crisis-por-que-hacer-un-monitoreo-en-tiempo-real\\\/#primaryimage\",\"url\":\"https:\\\/\\\/www.knewin.com\\\/wp-content\\\/uploads\\\/2024\\\/03\\\/GESTIoN-DE-CRISIS.png\",\"contentUrl\":\"https:\\\/\\\/www.knewin.com\\\/wp-content\\\/uploads\\\/2024\\\/03\\\/GESTIoN-DE-CRISIS.png\",\"width\":1200,\"height\":600},{\"@type\":\"BreadcrumbList\",\"@id\":\"https:\\\/\\\/www.knewin.com\\\/es\\\/blog\\\/gestion-de-crisis-por-que-hacer-un-monitoreo-en-tiempo-real\\\/#breadcrumb\",\"itemListElement\":[{\"@type\":\"ListItem\",\"position\":1,\"name\":\"In\u00edcio\",\"item\":\"https:\\\/\\\/www.knewin.com\\\/es\\\/\"},{\"@type\":\"ListItem\",\"position\":2,\"name\":\"Gesti\u00f3n de crisis: \u00bfPor qu\u00e9 hacer un monitoreo en tiempo real?\"}]},{\"@type\":\"WebSite\",\"@id\":\"https:\\\/\\\/www.knewin.com\\\/#website\",\"url\":\"https:\\\/\\\/www.knewin.com\\\/\",\"name\":\"Knewin\",\"description\":\"A maior empresa de tecnologia e dados para gest\u00e3o de reputa\u00e7\u00e3o na Am\u00e9rica Latina.\",\"publisher\":{\"@id\":\"https:\\\/\\\/www.knewin.com\\\/#organization\"},\"alternateName\":\"Knewin - Tecnologia e dados para gest\u00e3o de reputa\u00e7\u00e3o\",\"potentialAction\":[{\"@type\":\"SearchAction\",\"target\":{\"@type\":\"EntryPoint\",\"urlTemplate\":\"https:\\\/\\\/www.knewin.com\\\/?s={search_term_string}\"},\"query-input\":{\"@type\":\"PropertyValueSpecification\",\"valueRequired\":true,\"valueName\":\"search_term_string\"}}],\"inLanguage\":\"es\"},{\"@type\":\"Organization\",\"@id\":\"https:\\\/\\\/www.knewin.com\\\/#organization\",\"name\":\"Knewin\",\"alternateName\":\"Knewin - A maior empresa de tecnologia e dados para gest\u00e3o de reputa\u00e7\u00e3o\",\"url\":\"https:\\\/\\\/www.knewin.com\\\/\",\"logo\":{\"@type\":\"ImageObject\",\"inLanguage\":\"es\",\"@id\":\"https:\\\/\\\/www.knewin.com\\\/#\\\/schema\\\/logo\\\/image\\\/\",\"url\":\"https:\\\/\\\/knewin.com\\\/wp-content\\\/uploads\\\/2025\\\/01\\\/Knewin-imagem-home.webp\",\"contentUrl\":\"https:\\\/\\\/knewin.com\\\/wp-content\\\/uploads\\\/2025\\\/01\\\/Knewin-imagem-home.webp\",\"width\":600,\"height\":600,\"caption\":\"Knewin\"},\"image\":{\"@id\":\"https:\\\/\\\/www.knewin.com\\\/#\\\/schema\\\/logo\\\/image\\\/\"},\"sameAs\":[\"https:\\\/\\\/www.facebook.com\\\/knewinoficial\\\/\",\"https:\\\/\\\/x.com\\\/knewin_\",\"https:\\\/\\\/www.instagram.com\\\/knewinoficial\\\/\",\"https:\\\/\\\/www.linkedin.com\\\/company\\\/knewinoficial\",\"https:\\\/\\\/www.youtube.com\\\/@knewinoficial\"],\"description\":\"A Knewin foi fundada em 2011 com o prop\u00f3sito de melhorar a sociedade por meio de empresas respons\u00e1veis e comprometidas com os seus p\u00fablicos. Para conquistar esse objetivo, investiu em tecnologias de intelig\u00eancia de dados e intelig\u00eancia artificial para traduzir dados em sentimentos dos stakeholders.\",\"foundingDate\":\"2011-02-01\"},{\"@type\":\"Person\",\"@id\":\"https:\\\/\\\/www.knewin.com\\\/#\\\/schema\\\/person\\\/ee71f003995c0b672c6a3328797faf1d\",\"name\":\"Aline Silva\",\"image\":{\"@type\":\"ImageObject\",\"inLanguage\":\"es\",\"@id\":\"https:\\\/\\\/secure.gravatar.com\\\/avatar\\\/802088e385e2ba060dec8e5550a1c1ce2155a18d41cd0ef5553617a3c793967b?s=96&d=mm&r=g\",\"url\":\"https:\\\/\\\/secure.gravatar.com\\\/avatar\\\/802088e385e2ba060dec8e5550a1c1ce2155a18d41cd0ef5553617a3c793967b?s=96&d=mm&r=g\",\"contentUrl\":\"https:\\\/\\\/secure.gravatar.com\\\/avatar\\\/802088e385e2ba060dec8e5550a1c1ce2155a18d41cd0ef5553617a3c793967b?s=96&d=mm&r=g\",\"caption\":\"Aline Silva\"},\"url\":\"https:\\\/\\\/www.knewin.com\\\/es\\\/blog\\\/author\\\/aline-silva\\\/\"}]}<\/script>\n<!-- \/ Yoast SEO Premium plugin. -->","yoast_head_json":{"title":"Gesti\u00f3n de crisis: \u00bfPor qu\u00e9 hacer un monitoreo en tiempo real?","description":"El tiempo para posicionarse frente a una gesti\u00f3n de crisis es cada vez m\u00e1s corto y el monitoreo en tiempo real es esencial en tu estrategia.","robots":{"index":"index","follow":"follow","max-snippet":"max-snippet:-1","max-image-preview":"max-image-preview:large","max-video-preview":"max-video-preview:-1"},"canonical":"https:\/\/www.knewin.com\/es\/blog\/gestion-de-crisis-por-que-hacer-un-monitoreo-en-tiempo-real\/","og_locale":"es_ES","og_type":"article","og_title":"Gesti\u00f3n de crisis: \u00bfPor qu\u00e9 hacer un monitoreo en tiempo real?","og_description":"El tiempo para posicionarse frente a una gesti\u00f3n de crisis es cada vez m\u00e1s corto y el monitoreo en tiempo real es esencial en tu estrategia.","og_url":"https:\/\/www.knewin.com\/es\/blog\/gestion-de-crisis-por-que-hacer-un-monitoreo-en-tiempo-real\/","og_site_name":"Knewin","article_publisher":"https:\/\/www.facebook.com\/knewinoficial\/","article_published_time":"2022-03-31T16:27:53+00:00","article_modified_time":"2024-09-10T21:22:42+00:00","og_image":[{"width":1200,"height":600,"url":"https:\/\/www.knewin.com\/wp-content\/uploads\/2024\/03\/GESTIoN-DE-CRISIS.png","type":"image\/png"}],"author":"Aline Silva","twitter_card":"summary_large_image","twitter_creator":"@knewin_","twitter_site":"@knewin_","twitter_misc":{"Escrito por":"Aline Silva","Tiempo de lectura":"3 minutos"},"schema":{"@context":"https:\/\/schema.org","@graph":[{"@type":["Article","BlogPosting"],"@id":"https:\/\/www.knewin.com\/es\/blog\/gestion-de-crisis-por-que-hacer-un-monitoreo-en-tiempo-real\/#article","isPartOf":{"@id":"https:\/\/www.knewin.com\/es\/blog\/gestion-de-crisis-por-que-hacer-un-monitoreo-en-tiempo-real\/"},"author":{"name":"Aline Silva","@id":"https:\/\/www.knewin.com\/#\/schema\/person\/ee71f003995c0b672c6a3328797faf1d"},"headline":"Gesti\u00f3n de crisis: \u00bfPor qu\u00e9 hacer un monitoreo en tiempo real?","datePublished":"2022-03-31T16:27:53+00:00","dateModified":"2024-09-10T21:22:42+00:00","mainEntityOfPage":{"@id":"https:\/\/www.knewin.com\/es\/blog\/gestion-de-crisis-por-que-hacer-un-monitoreo-en-tiempo-real\/"},"wordCount":366,"commentCount":0,"publisher":{"@id":"https:\/\/www.knewin.com\/#organization"},"image":{"@id":"https:\/\/www.knewin.com\/es\/blog\/gestion-de-crisis-por-que-hacer-un-monitoreo-en-tiempo-real\/#primaryimage"},"thumbnailUrl":"https:\/\/www.knewin.com\/wp-content\/uploads\/2024\/03\/GESTIoN-DE-CRISIS.png","keywords":["comunicaci\u00f3n estrat\u00e9gica","gestion de crisis","gesti\u00f3n de reputaci\u00f3n","monitoreo","monitoreo de medios","planificacion","reporte de clipping","reputaci\u00f3n de marca"],"articleSection":["Monitoreo de Medios"],"inLanguage":"es","potentialAction":[{"@type":"CommentAction","name":"Comment","target":["https:\/\/www.knewin.com\/es\/blog\/gestion-de-crisis-por-que-hacer-un-monitoreo-en-tiempo-real\/#respond"]}]},{"@type":"WebPage","@id":"https:\/\/www.knewin.com\/es\/blog\/gestion-de-crisis-por-que-hacer-un-monitoreo-en-tiempo-real\/","url":"https:\/\/www.knewin.com\/es\/blog\/gestion-de-crisis-por-que-hacer-un-monitoreo-en-tiempo-real\/","name":"Gesti\u00f3n de crisis: \u00bfPor qu\u00e9 hacer un monitoreo en tiempo real?","isPartOf":{"@id":"https:\/\/www.knewin.com\/#website"},"primaryImageOfPage":{"@id":"https:\/\/www.knewin.com\/es\/blog\/gestion-de-crisis-por-que-hacer-un-monitoreo-en-tiempo-real\/#primaryimage"},"image":{"@id":"https:\/\/www.knewin.com\/es\/blog\/gestion-de-crisis-por-que-hacer-un-monitoreo-en-tiempo-real\/#primaryimage"},"thumbnailUrl":"https:\/\/www.knewin.com\/wp-content\/uploads\/2024\/03\/GESTIoN-DE-CRISIS.png","datePublished":"2022-03-31T16:27:53+00:00","dateModified":"2024-09-10T21:22:42+00:00","description":"El tiempo para posicionarse frente a una gesti\u00f3n de crisis es cada vez m\u00e1s corto y el monitoreo en tiempo real es esencial en tu estrategia.","breadcrumb":{"@id":"https:\/\/www.knewin.com\/es\/blog\/gestion-de-crisis-por-que-hacer-un-monitoreo-en-tiempo-real\/#breadcrumb"},"inLanguage":"es","potentialAction":[{"@type":"ReadAction","target":["https:\/\/www.knewin.com\/es\/blog\/gestion-de-crisis-por-que-hacer-un-monitoreo-en-tiempo-real\/"]}]},{"@type":"ImageObject","inLanguage":"es","@id":"https:\/\/www.knewin.com\/es\/blog\/gestion-de-crisis-por-que-hacer-un-monitoreo-en-tiempo-real\/#primaryimage","url":"https:\/\/www.knewin.com\/wp-content\/uploads\/2024\/03\/GESTIoN-DE-CRISIS.png","contentUrl":"https:\/\/www.knewin.com\/wp-content\/uploads\/2024\/03\/GESTIoN-DE-CRISIS.png","width":1200,"height":600},{"@type":"BreadcrumbList","@id":"https:\/\/www.knewin.com\/es\/blog\/gestion-de-crisis-por-que-hacer-un-monitoreo-en-tiempo-real\/#breadcrumb","itemListElement":[{"@type":"ListItem","position":1,"name":"In\u00edcio","item":"https:\/\/www.knewin.com\/es\/"},{"@type":"ListItem","position":2,"name":"Gesti\u00f3n de crisis: \u00bfPor qu\u00e9 hacer un monitoreo en tiempo real?"}]},{"@type":"WebSite","@id":"https:\/\/www.knewin.com\/#website","url":"https:\/\/www.knewin.com\/","name":"Knewin","description":"A maior empresa de tecnologia e dados para gest\u00e3o de reputa\u00e7\u00e3o na Am\u00e9rica Latina.","publisher":{"@id":"https:\/\/www.knewin.com\/#organization"},"alternateName":"Knewin - Tecnologia e dados para gest\u00e3o de reputa\u00e7\u00e3o","potentialAction":[{"@type":"SearchAction","target":{"@type":"EntryPoint","urlTemplate":"https:\/\/www.knewin.com\/?s={search_term_string}"},"query-input":{"@type":"PropertyValueSpecification","valueRequired":true,"valueName":"search_term_string"}}],"inLanguage":"es"},{"@type":"Organization","@id":"https:\/\/www.knewin.com\/#organization","name":"Knewin","alternateName":"Knewin - A maior empresa de tecnologia e dados para gest\u00e3o de reputa\u00e7\u00e3o","url":"https:\/\/www.knewin.com\/","logo":{"@type":"ImageObject","inLanguage":"es","@id":"https:\/\/www.knewin.com\/#\/schema\/logo\/image\/","url":"https:\/\/knewin.com\/wp-content\/uploads\/2025\/01\/Knewin-imagem-home.webp","contentUrl":"https:\/\/knewin.com\/wp-content\/uploads\/2025\/01\/Knewin-imagem-home.webp","width":600,"height":600,"caption":"Knewin"},"image":{"@id":"https:\/\/www.knewin.com\/#\/schema\/logo\/image\/"},"sameAs":["https:\/\/www.facebook.com\/knewinoficial\/","https:\/\/x.com\/knewin_","https:\/\/www.instagram.com\/knewinoficial\/","https:\/\/www.linkedin.com\/company\/knewinoficial","https:\/\/www.youtube.com\/@knewinoficial"],"description":"A Knewin foi fundada em 2011 com o prop\u00f3sito de melhorar a sociedade por meio de empresas respons\u00e1veis e comprometidas com os seus p\u00fablicos. Para conquistar esse objetivo, investiu em tecnologias de intelig\u00eancia de dados e intelig\u00eancia artificial para traduzir dados em sentimentos dos stakeholders.","foundingDate":"2011-02-01"},{"@type":"Person","@id":"https:\/\/www.knewin.com\/#\/schema\/person\/ee71f003995c0b672c6a3328797faf1d","name":"Aline Silva","image":{"@type":"ImageObject","inLanguage":"es","@id":"https:\/\/secure.gravatar.com\/avatar\/802088e385e2ba060dec8e5550a1c1ce2155a18d41cd0ef5553617a3c793967b?s=96&d=mm&r=g","url":"https:\/\/secure.gravatar.com\/avatar\/802088e385e2ba060dec8e5550a1c1ce2155a18d41cd0ef5553617a3c793967b?s=96&d=mm&r=g","contentUrl":"https:\/\/secure.gravatar.com\/avatar\/802088e385e2ba060dec8e5550a1c1ce2155a18d41cd0ef5553617a3c793967b?s=96&d=mm&r=g","caption":"Aline Silva"},"url":"https:\/\/www.knewin.com\/es\/blog\/author\/aline-silva\/"}]}},"_links":{"self":[{"href":"https:\/\/www.knewin.com\/es\/wp-json\/wp\/v2\/posts\/2246","targetHints":{"allow":["GET"]}}],"collection":[{"href":"https:\/\/www.knewin.com\/es\/wp-json\/wp\/v2\/posts"}],"about":[{"href":"https:\/\/www.knewin.com\/es\/wp-json\/wp\/v2\/types\/post"}],"author":[{"embeddable":true,"href":"https:\/\/www.knewin.com\/es\/wp-json\/wp\/v2\/users\/6"}],"replies":[{"embeddable":true,"href":"https:\/\/www.knewin.com\/es\/wp-json\/wp\/v2\/comments?post=2246"}],"version-history":[{"count":0,"href":"https:\/\/www.knewin.com\/es\/wp-json\/wp\/v2\/posts\/2246\/revisions"}],"wp:featuredmedia":[{"embeddable":true,"href":"https:\/\/www.knewin.com\/es\/wp-json\/wp\/v2\/media\/22941"}],"wp:attachment":[{"href":"https:\/\/www.knewin.com\/es\/wp-json\/wp\/v2\/media?parent=2246"}],"wp:term":[{"taxonomy":"category","embeddable":true,"href":"https:\/\/www.knewin.com\/es\/wp-json\/wp\/v2\/categories?post=2246"},{"taxonomy":"post_tag","embeddable":true,"href":"https:\/\/www.knewin.com\/es\/wp-json\/wp\/v2\/tags?post=2246"}],"curies":[{"name":"wp","href":"https:\/\/api.w.org\/{rel}","templated":true}]}}