{"id":2260,"date":"2022-05-26T10:00:07","date_gmt":"2022-05-26T13:00:07","guid":{"rendered":"https:\/\/fsantosteste.com\/estudio-tendencias-del-mercado-energetico-en-la-prensa-mexicana\/"},"modified":"2024-09-10T16:42:27","modified_gmt":"2024-09-10T19:42:27","slug":"estudio-tendencias-del-mercado-energetico-en-la-prensa-mexicana","status":"publish","type":"post","link":"https:\/\/www.knewin.com\/es\/blog\/estudio-tendencias-del-mercado-energetico-en-la-prensa-mexicana\/","title":{"rendered":"Estudio: Tendencias del mercado energ\u00e9tico en la prensa mexicana"},"content":{"rendered":"<p><span style=\"font-weight: 400;\">En el siglo XXI la electricidad se ha convertido en algo indispensable. Desde iluminar nuestros hogares por la noche hasta sostener y crear una nueva industria. Hoy en d\u00eda, el mercado energ\u00e9tico es crucial para nuestra subsistencia.<\/span><\/p>\n<p><span style=\"font-weight: 400;\">Y para el sector de la energ\u00eda el\u00e9ctrica, este es un momento de cambio. A pesar de la crisis energ\u00e9tica y medioambiental que ha ido cobrando cada vez m\u00e1s fuerza en el mundo y en la prensa, las fuentes de energ\u00eda renovables han ido ganando cada vez m\u00e1s espacio.<\/span><\/p>\n<p><span style=\"font-weight: 400;\">Por ejemplo, <\/span><a href=\"https:\/\/www.pwc.com.br\/pt\/estudos\/setores-atividade\/energia\/2022\/renovacao-da-industria-de-energia.html\" target=\"_blank\" rel=\"noopener\"><span style=\"font-weight: 400;\">seg\u00fan los datos de PwC<\/span><\/a><span style=\"font-weight: 400;\">, la energ\u00eda e\u00f3lica ha ido consolidando su posici\u00f3n como una de las principales fuentes de energ\u00eda renovable y ya cuenta con un aumento del 90% de la inversi\u00f3n mundial s\u00f3lo para 2020. Y el reflejo de estas inversiones ya aparece en los art\u00edculos de prensa.<\/span><\/p>\n<p><span style=\"font-weight: 400;\">Pensando en este contexto de cambios para el mercado de la energ\u00eda, les traemos otro an\u00e1lisis de las tendencias del sector energ\u00e9tico. \u00bfQuiere acceder al estudio completo? <\/span><b><a href=\"https:\/\/knewin.com\/wp-content\/uploads\/2022\/05\/Latam-Tendencias-do-mercado-de-energia-en-la-prensa.pdf\" target=\"_blank\" rel=\"noopener\">Haga clic aqu\u00ed y descargue el pdf<\/a>.<\/b><\/p>\n<p><b>Te puede interesar: <a href=\"https:\/\/knewin.com\/es\/blog\/la-educacion-y-la-prensa-mexicana-como-se-desempena-el-tema-en-los-medios-de-comunicacion\/\" target=\"_blank\" rel=\"noopener\">La educaci\u00f3n y la prensa mexicana: \u00bfc\u00f3mo se desempe\u00f1a el tema en los medios de comunicaci\u00f3n?<\/a><\/b><\/p>\n<h2><b>Las tendencias de las editoriales relacionadas con el mercado energ\u00e9tico<\/b><\/h2>\n<p><span style=\"font-weight: 400;\">El sector de la energ\u00eda presenta una gran variedad de temas, por lo que hemos dividido las historias en las siguientes categor\u00edas:<\/span><\/p>\n<ul>\n<li style=\"font-weight: 400;\" aria-level=\"1\"><span style=\"font-weight: 400;\">Reforma El\u00e9ctrica<\/span><\/li>\n<li style=\"font-weight: 400;\" aria-level=\"1\"><span style=\"font-weight: 400;\">Mundiales<\/span><\/li>\n<li style=\"font-weight: 400;\" aria-level=\"1\"><span style=\"font-weight: 400;\">Econom\u00eda<\/span><\/li>\n<li style=\"font-weight: 400;\" aria-level=\"1\"><span style=\"font-weight: 400;\">Gobierno<\/span><\/li>\n<li style=\"font-weight: 400;\" aria-level=\"1\"><span style=\"font-weight: 400;\">Fuentes de energ\u00eda<\/span><\/li>\n<li style=\"font-weight: 400;\" aria-level=\"1\"><span style=\"font-weight: 400;\">ESG<\/span><\/li>\n<li style=\"font-weight: 400;\" aria-level=\"1\"><span style=\"font-weight: 400;\">Marca<\/span><\/li>\n<\/ul>\n<p><span style=\"font-weight: 400;\">Durante el periodo de seguimiento, que dur\u00f3 del 1 de abril al 1 de mayo, se analizaron los veh\u00edculos, los temas m\u00e1s comentados por las redacciones y cu\u00e1les eran los editoriales m\u00e1s mencionados por los veh\u00edculos informativos.<\/span><\/p>\n<p><img fetchpriority=\"high\" decoding=\"async\" class=\"aligncenter size-full wp-image-16214\" src=\"https:\/\/knewin.com\/wp-content\/uploads\/2022\/05\/Latam-Tendencias-do-mercado-de-energia-en-la-prensa.jpg\" alt=\"\" width=\"1767\" height=\"2500\" \/><\/p>\n<h3><b>1 &#8211; Reforma El\u00e9ctrica<\/b><\/h3>\n<p><span style=\"font-weight: 400;\">La reforma el\u00e9ctrica caus\u00f3 un gran revuelo en la prensa mexicana. En nuestro an\u00e1lisis, \u00e9sta fue la secci\u00f3n m\u00e1s cubierta por los periodistas, con el 33,81% de los art\u00edculos.<\/span><\/p>\n<p><span style=\"font-weight: 400;\">A pesar de la gran repercusi\u00f3n, el 43,5% de las noticias son negativas, frente a s\u00f3lo el 15,5% de las positivas.<\/span><\/p>\n<p><span style=\"font-weight: 400;\">Los veh\u00edculos que m\u00e1s han publicado sobre el tema son: Yahoo, MSN y Milenio.<\/span><\/p>\n<h3><b>2 &#8211; Mundiales<\/b><\/h3>\n<p><span style=\"font-weight: 400;\">Al igual que M\u00e9xico, el resto del mundo tambi\u00e9n tiene problemas en el escenario energ\u00e9tico. Con el conflicto entre Rusia y Ucrania, los medios de comunicaci\u00f3n se han centrado en el impacto de las sanciones estadounidenses.<\/span><\/p>\n<p><span style=\"font-weight: 400;\">Las peticiones de ayuda de Ucrania tambi\u00e9n han acaparado la atenci\u00f3n de las redacciones, as\u00ed como la posible crisis energ\u00e9tica que podr\u00eda afectar al mercado mundial si contin\u00faa el conflicto entre ambos pa\u00edses.<\/span><\/p>\n<p><span style=\"font-weight: 400;\">Los principales medios de comunicaci\u00f3n que han publicado sobre temas globales relacionados con el mercado energ\u00e9tico son Yahoo, Publimetro y Entorno Inteligente.<\/span><\/p>\n<h3><b>3 &#8211; Econom\u00eda<\/b><\/h3>\n<p><span style=\"font-weight: 400;\">La pandemia fue un gran golpe para los planes econ\u00f3micos de todos los pa\u00edses, y ahora, la guerra en Ucrania refuerza este impacto negativo.\u00a0<\/span><\/p>\n<p><span style=\"font-weight: 400;\">En el escenario econ\u00f3mico mundial, las sanciones aplicadas por Estados Unidos son la agenda m\u00e1s debatida por los economistas. Desde las consecuencias para los pueblos europeos hasta las repercusiones en el mercado interno, los veh\u00edculos se han centrado en la situaci\u00f3n de la moneda rusa y el impacto en la bolsa europea.<\/span><\/p>\n<p><span style=\"font-weight: 400;\">La ca\u00edda de M\u00e9xico de la lista de los 25 pa\u00edses m\u00e1s atractivos para la inversi\u00f3n es tambi\u00e9n uno de los temas m\u00e1s tratados en las redacciones.<\/span><\/p>\n<h3><b>4 &#8211; Gobierno<\/b><\/h3>\n<p><span style=\"font-weight: 400;\">El mercado nacional de la energ\u00eda ha sufrido turbulencias desde antes de que comenzara la pandemia. La reforma energ\u00e9tica impact\u00f3 directamente a la poblaci\u00f3n y profundiz\u00f3 las discusiones en la prensa sobre el papel del gobierno en estos cambios.<\/span><\/p>\n<p><span style=\"font-weight: 400;\">El futuro de M\u00e9xico en relaci\u00f3n con el conflicto de Ucrania tambi\u00e9n fue muy abordado por los periodistas. Dentro de la categor\u00eda Gobierno, s\u00f3lo el 9,1% de las historias son positivas, mientras que el 19,8% abordan los temas de forma negativa.<\/span><\/p>\n<h3><b>5 &#8211; Fuentes de energ\u00eda<\/b><\/h3>\n<p><span style=\"font-weight: 400;\">En esta edici\u00f3n, el mercado de la energ\u00eda ha atra\u00eddo la atenci\u00f3n de los periodistas ante posibles crisis energ\u00e9ticas. Y este sigue siendo el tema m\u00e1s citado en las redacciones.<\/span><\/p>\n<p><span style=\"font-weight: 400;\">Los art\u00edculos sobre las posibles soluciones a la crisis medioambiental y energ\u00e9tica son los m\u00e1s cubiertos por los peri\u00f3dicos, en correlaci\u00f3n tambi\u00e9n con el segundo tema m\u00e1s mencionado: la tard\u00eda llegada de M\u00e9xico al mercado del litio.<\/span><\/p>\n<p><span style=\"font-weight: 400;\">Durante el periodo de an\u00e1lisis los veh\u00edculos han mantenido una posici\u00f3n neutral, con un 60,6% de los art\u00edculos neutros.<\/span><\/p>\n<h3><b>\u00bfPor qu\u00e9 vigilar el mercado energ\u00e9tico en la prensa?<\/b><\/h3>\n<p><span style=\"font-weight: 400;\">Para las empresas que desean avanzar en este mercado, seguir lo que dicen los medios de comunicaci\u00f3n es una de las formas de desarrollar mejores estrategias y prepararse para nuevas ofertas de negocio.<\/span><\/p>\n<p><span style=\"font-weight: 400;\">En nuestro estudio se puede constatar hasta qu\u00e9 punto la influencia de la prensa es fundamental para el avance del sector, tanto en cuestiones tecnol\u00f3gicas como medioambientales y econ\u00f3micas.<\/span><\/p>\n<p><span style=\"font-weight: 400;\">Por lo tanto, para un mercado que atraviesa un momento de cambio y renovaci\u00f3n, estar bien informado es la mejor manera de aprovechar las nuevas oportunidades.<\/span><\/p>\n<p><span style=\"font-weight: 400;\">\u00bfQuiere saber m\u00e1s sobre c\u00f3mo utilizar la monitoreo de noticias para conocer las principales tendencias del sector de su empresa? <\/span><a href=\"https:\/\/knewin.com\/es\/contacto\/\" target=\"_blank\" rel=\"noopener\"><b>P\u00f3ngase en contacto con nosotros.<\/b><\/a><\/p>\n<p><a href=\"https:\/\/knewin.com\/es\/contacto\/\" target=\"_blank\" rel=\"noopener\"><img decoding=\"async\" class=\"aligncenter size-full wp-image-14394\" src=\"https:\/\/knewin.com\/wp-content\/uploads\/2021\/09\/contact-us-11.png\" alt=\"\" width=\"1400\" height=\"425\" \/><\/a><\/p>\n","protected":false},"excerpt":{"rendered":"<p>En el siglo XXI la electricidad se ha convertido en algo indispensable. Desde iluminar nuestros hogares por la noche hasta sostener y crear una nueva industria. Hoy en d\u00eda, el mercado energ\u00e9tico es crucial para nuestra subsistencia. Y para el sector de la energ\u00eda el\u00e9ctrica, este es un momento de cambio. A pesar de la [&hellip;]<\/p>\n","protected":false},"author":6,"featured_media":22824,"comment_status":"open","ping_status":"open","sticky":false,"template":"","format":"standard","meta":{"footnotes":""},"categories":[1059],"tags":[1159,1137,1140,1111,1552,1526,1569,1122],"class_list":["post-2260","post","type-post","status-publish","format-standard","has-post-thumbnail","hentry","category-estudios-de-reputacion","tag-analisis-de-medios-es","tag-comunicacion-es","tag-estudio-es","tag-gestion-de-marca-es","tag-monitoreo-de-prensa","tag-prensa-mexicana","tag-sector-energetico","tag-tendencias-del-mercado-es"],"yoast_head":"<!-- This site is optimized with the Yoast SEO Premium plugin v27.0 (Yoast SEO v27.3) - https:\/\/yoast.com\/product\/yoast-seo-premium-wordpress\/ -->\n<title>Estudio: Tendencias del mercado energ\u00e9tico en la prensa mexicana - Knewin<\/title>\n<meta name=\"description\" content=\"El mercado energ\u00e9tico tiene una influencia directa no s\u00f3lo en las empresas, sino tambi\u00e9n en la vida de la poblaci\u00f3n.\" \/>\n<meta name=\"robots\" content=\"index, follow, max-snippet:-1, max-image-preview:large, max-video-preview:-1\" \/>\n<link rel=\"canonical\" href=\"https:\/\/www.knewin.com\/es\/blog\/estudio-tendencias-del-mercado-energetico-en-la-prensa-mexicana\/\" \/>\n<meta property=\"og:locale\" content=\"es_ES\" \/>\n<meta property=\"og:type\" content=\"article\" \/>\n<meta property=\"og:title\" content=\"Estudio: Tendencias del mercado energ\u00e9tico en la prensa mexicana\" \/>\n<meta property=\"og:description\" content=\"El mercado energ\u00e9tico tiene una influencia directa no s\u00f3lo en las empresas, sino tambi\u00e9n en la vida de la poblaci\u00f3n.\" \/>\n<meta property=\"og:url\" content=\"https:\/\/www.knewin.com\/es\/blog\/estudio-tendencias-del-mercado-energetico-en-la-prensa-mexicana\/\" \/>\n<meta property=\"og:site_name\" content=\"Knewin\" \/>\n<meta property=\"article:publisher\" content=\"https:\/\/www.facebook.com\/knewinoficial\/\" \/>\n<meta property=\"article:published_time\" content=\"2022-05-26T13:00:07+00:00\" \/>\n<meta property=\"article:modified_time\" content=\"2024-09-10T19:42:27+00:00\" \/>\n<meta property=\"og:image\" content=\"https:\/\/www.knewin.com\/wp-content\/uploads\/2024\/03\/mercado-energetico.png\" \/>\n\t<meta property=\"og:image:width\" content=\"1200\" \/>\n\t<meta property=\"og:image:height\" content=\"600\" \/>\n\t<meta property=\"og:image:type\" content=\"image\/png\" \/>\n<meta name=\"author\" content=\"Aline Silva\" \/>\n<meta name=\"twitter:card\" content=\"summary_large_image\" \/>\n<meta name=\"twitter:creator\" content=\"@knewin_\" \/>\n<meta name=\"twitter:site\" content=\"@knewin_\" \/>\n<meta name=\"twitter:label1\" content=\"Escrito por\" \/>\n\t<meta name=\"twitter:data1\" content=\"Aline Silva\" \/>\n\t<meta name=\"twitter:label2\" content=\"Tiempo de lectura\" \/>\n\t<meta name=\"twitter:data2\" content=\"6 minutos\" \/>\n<script type=\"application\/ld+json\" class=\"yoast-schema-graph\">{\"@context\":\"https:\\\/\\\/schema.org\",\"@graph\":[{\"@type\":[\"Article\",\"BlogPosting\"],\"@id\":\"https:\\\/\\\/www.knewin.com\\\/es\\\/blog\\\/estudio-tendencias-del-mercado-energetico-en-la-prensa-mexicana\\\/#article\",\"isPartOf\":{\"@id\":\"https:\\\/\\\/www.knewin.com\\\/es\\\/blog\\\/estudio-tendencias-del-mercado-energetico-en-la-prensa-mexicana\\\/\"},\"author\":{\"name\":\"Aline Silva\",\"@id\":\"https:\\\/\\\/www.knewin.com\\\/#\\\/schema\\\/person\\\/ee71f003995c0b672c6a3328797faf1d\"},\"headline\":\"Estudio: Tendencias del mercado energ\u00e9tico en la prensa mexicana\",\"datePublished\":\"2022-05-26T13:00:07+00:00\",\"dateModified\":\"2024-09-10T19:42:27+00:00\",\"mainEntityOfPage\":{\"@id\":\"https:\\\/\\\/www.knewin.com\\\/es\\\/blog\\\/estudio-tendencias-del-mercado-energetico-en-la-prensa-mexicana\\\/\"},\"wordCount\":934,\"commentCount\":0,\"publisher\":{\"@id\":\"https:\\\/\\\/www.knewin.com\\\/#organization\"},\"image\":{\"@id\":\"https:\\\/\\\/www.knewin.com\\\/es\\\/blog\\\/estudio-tendencias-del-mercado-energetico-en-la-prensa-mexicana\\\/#primaryimage\"},\"thumbnailUrl\":\"https:\\\/\\\/www.knewin.com\\\/wp-content\\\/uploads\\\/2024\\\/03\\\/mercado-energetico.png\",\"keywords\":[\"an\u00e1lisis de medios\",\"comunicaci\u00f3n\",\"estudio\",\"Gesti\u00f3n de marca\",\"monitoreo de prensa\",\"prensa mexicana\",\"sector energ\u00e9tico\",\"tendencias del mercado\"],\"articleSection\":[\"Estudios de Reputaci\u00f3n\"],\"inLanguage\":\"es\",\"potentialAction\":[{\"@type\":\"CommentAction\",\"name\":\"Comment\",\"target\":[\"https:\\\/\\\/www.knewin.com\\\/es\\\/blog\\\/estudio-tendencias-del-mercado-energetico-en-la-prensa-mexicana\\\/#respond\"]}]},{\"@type\":\"WebPage\",\"@id\":\"https:\\\/\\\/www.knewin.com\\\/es\\\/blog\\\/estudio-tendencias-del-mercado-energetico-en-la-prensa-mexicana\\\/\",\"url\":\"https:\\\/\\\/www.knewin.com\\\/es\\\/blog\\\/estudio-tendencias-del-mercado-energetico-en-la-prensa-mexicana\\\/\",\"name\":\"Estudio: Tendencias del mercado energ\u00e9tico en la prensa mexicana - Knewin\",\"isPartOf\":{\"@id\":\"https:\\\/\\\/www.knewin.com\\\/#website\"},\"primaryImageOfPage\":{\"@id\":\"https:\\\/\\\/www.knewin.com\\\/es\\\/blog\\\/estudio-tendencias-del-mercado-energetico-en-la-prensa-mexicana\\\/#primaryimage\"},\"image\":{\"@id\":\"https:\\\/\\\/www.knewin.com\\\/es\\\/blog\\\/estudio-tendencias-del-mercado-energetico-en-la-prensa-mexicana\\\/#primaryimage\"},\"thumbnailUrl\":\"https:\\\/\\\/www.knewin.com\\\/wp-content\\\/uploads\\\/2024\\\/03\\\/mercado-energetico.png\",\"datePublished\":\"2022-05-26T13:00:07+00:00\",\"dateModified\":\"2024-09-10T19:42:27+00:00\",\"description\":\"El mercado energ\u00e9tico tiene una influencia directa no s\u00f3lo en las empresas, sino tambi\u00e9n en la vida de la poblaci\u00f3n.\",\"breadcrumb\":{\"@id\":\"https:\\\/\\\/www.knewin.com\\\/es\\\/blog\\\/estudio-tendencias-del-mercado-energetico-en-la-prensa-mexicana\\\/#breadcrumb\"},\"inLanguage\":\"es\",\"potentialAction\":[{\"@type\":\"ReadAction\",\"target\":[\"https:\\\/\\\/www.knewin.com\\\/es\\\/blog\\\/estudio-tendencias-del-mercado-energetico-en-la-prensa-mexicana\\\/\"]}]},{\"@type\":\"ImageObject\",\"inLanguage\":\"es\",\"@id\":\"https:\\\/\\\/www.knewin.com\\\/es\\\/blog\\\/estudio-tendencias-del-mercado-energetico-en-la-prensa-mexicana\\\/#primaryimage\",\"url\":\"https:\\\/\\\/www.knewin.com\\\/wp-content\\\/uploads\\\/2024\\\/03\\\/mercado-energetico.png\",\"contentUrl\":\"https:\\\/\\\/www.knewin.com\\\/wp-content\\\/uploads\\\/2024\\\/03\\\/mercado-energetico.png\",\"width\":1200,\"height\":600,\"caption\":\"mercado de energia\"},{\"@type\":\"BreadcrumbList\",\"@id\":\"https:\\\/\\\/www.knewin.com\\\/es\\\/blog\\\/estudio-tendencias-del-mercado-energetico-en-la-prensa-mexicana\\\/#breadcrumb\",\"itemListElement\":[{\"@type\":\"ListItem\",\"position\":1,\"name\":\"In\u00edcio\",\"item\":\"https:\\\/\\\/www.knewin.com\\\/es\\\/\"},{\"@type\":\"ListItem\",\"position\":2,\"name\":\"Estudio: Tendencias del mercado energ\u00e9tico en la prensa mexicana\"}]},{\"@type\":\"WebSite\",\"@id\":\"https:\\\/\\\/www.knewin.com\\\/#website\",\"url\":\"https:\\\/\\\/www.knewin.com\\\/\",\"name\":\"Knewin\",\"description\":\"A maior empresa de tecnologia e dados para gest\u00e3o de reputa\u00e7\u00e3o na Am\u00e9rica Latina.\",\"publisher\":{\"@id\":\"https:\\\/\\\/www.knewin.com\\\/#organization\"},\"alternateName\":\"Knewin - Tecnologia e dados para gest\u00e3o de reputa\u00e7\u00e3o\",\"potentialAction\":[{\"@type\":\"SearchAction\",\"target\":{\"@type\":\"EntryPoint\",\"urlTemplate\":\"https:\\\/\\\/www.knewin.com\\\/?s={search_term_string}\"},\"query-input\":{\"@type\":\"PropertyValueSpecification\",\"valueRequired\":true,\"valueName\":\"search_term_string\"}}],\"inLanguage\":\"es\"},{\"@type\":\"Organization\",\"@id\":\"https:\\\/\\\/www.knewin.com\\\/#organization\",\"name\":\"Knewin\",\"alternateName\":\"Knewin - A maior empresa de tecnologia e dados para gest\u00e3o de reputa\u00e7\u00e3o\",\"url\":\"https:\\\/\\\/www.knewin.com\\\/\",\"logo\":{\"@type\":\"ImageObject\",\"inLanguage\":\"es\",\"@id\":\"https:\\\/\\\/www.knewin.com\\\/#\\\/schema\\\/logo\\\/image\\\/\",\"url\":\"https:\\\/\\\/knewin.com\\\/wp-content\\\/uploads\\\/2025\\\/01\\\/Knewin-imagem-home.webp\",\"contentUrl\":\"https:\\\/\\\/knewin.com\\\/wp-content\\\/uploads\\\/2025\\\/01\\\/Knewin-imagem-home.webp\",\"width\":600,\"height\":600,\"caption\":\"Knewin\"},\"image\":{\"@id\":\"https:\\\/\\\/www.knewin.com\\\/#\\\/schema\\\/logo\\\/image\\\/\"},\"sameAs\":[\"https:\\\/\\\/www.facebook.com\\\/knewinoficial\\\/\",\"https:\\\/\\\/x.com\\\/knewin_\",\"https:\\\/\\\/www.instagram.com\\\/knewinoficial\\\/\",\"https:\\\/\\\/www.linkedin.com\\\/company\\\/knewinoficial\",\"https:\\\/\\\/www.youtube.com\\\/@knewinoficial\"],\"description\":\"A Knewin foi fundada em 2011 com o prop\u00f3sito de melhorar a sociedade por meio de empresas respons\u00e1veis e comprometidas com os seus p\u00fablicos. Para conquistar esse objetivo, investiu em tecnologias de intelig\u00eancia de dados e intelig\u00eancia artificial para traduzir dados em sentimentos dos stakeholders.\",\"foundingDate\":\"2011-02-01\"},{\"@type\":\"Person\",\"@id\":\"https:\\\/\\\/www.knewin.com\\\/#\\\/schema\\\/person\\\/ee71f003995c0b672c6a3328797faf1d\",\"name\":\"Aline Silva\",\"image\":{\"@type\":\"ImageObject\",\"inLanguage\":\"es\",\"@id\":\"https:\\\/\\\/secure.gravatar.com\\\/avatar\\\/802088e385e2ba060dec8e5550a1c1ce2155a18d41cd0ef5553617a3c793967b?s=96&d=mm&r=g\",\"url\":\"https:\\\/\\\/secure.gravatar.com\\\/avatar\\\/802088e385e2ba060dec8e5550a1c1ce2155a18d41cd0ef5553617a3c793967b?s=96&d=mm&r=g\",\"contentUrl\":\"https:\\\/\\\/secure.gravatar.com\\\/avatar\\\/802088e385e2ba060dec8e5550a1c1ce2155a18d41cd0ef5553617a3c793967b?s=96&d=mm&r=g\",\"caption\":\"Aline Silva\"},\"url\":\"https:\\\/\\\/www.knewin.com\\\/es\\\/blog\\\/author\\\/aline-silva\\\/\"}]}<\/script>\n<!-- \/ Yoast SEO Premium plugin. -->","yoast_head_json":{"title":"Estudio: Tendencias del mercado energ\u00e9tico en la prensa mexicana - Knewin","description":"El mercado energ\u00e9tico tiene una influencia directa no s\u00f3lo en las empresas, sino tambi\u00e9n en la vida de la poblaci\u00f3n.","robots":{"index":"index","follow":"follow","max-snippet":"max-snippet:-1","max-image-preview":"max-image-preview:large","max-video-preview":"max-video-preview:-1"},"canonical":"https:\/\/www.knewin.com\/es\/blog\/estudio-tendencias-del-mercado-energetico-en-la-prensa-mexicana\/","og_locale":"es_ES","og_type":"article","og_title":"Estudio: Tendencias del mercado energ\u00e9tico en la prensa mexicana","og_description":"El mercado energ\u00e9tico tiene una influencia directa no s\u00f3lo en las empresas, sino tambi\u00e9n en la vida de la poblaci\u00f3n.","og_url":"https:\/\/www.knewin.com\/es\/blog\/estudio-tendencias-del-mercado-energetico-en-la-prensa-mexicana\/","og_site_name":"Knewin","article_publisher":"https:\/\/www.facebook.com\/knewinoficial\/","article_published_time":"2022-05-26T13:00:07+00:00","article_modified_time":"2024-09-10T19:42:27+00:00","og_image":[{"width":1200,"height":600,"url":"https:\/\/www.knewin.com\/wp-content\/uploads\/2024\/03\/mercado-energetico.png","type":"image\/png"}],"author":"Aline Silva","twitter_card":"summary_large_image","twitter_creator":"@knewin_","twitter_site":"@knewin_","twitter_misc":{"Escrito por":"Aline Silva","Tiempo de lectura":"6 minutos"},"schema":{"@context":"https:\/\/schema.org","@graph":[{"@type":["Article","BlogPosting"],"@id":"https:\/\/www.knewin.com\/es\/blog\/estudio-tendencias-del-mercado-energetico-en-la-prensa-mexicana\/#article","isPartOf":{"@id":"https:\/\/www.knewin.com\/es\/blog\/estudio-tendencias-del-mercado-energetico-en-la-prensa-mexicana\/"},"author":{"name":"Aline Silva","@id":"https:\/\/www.knewin.com\/#\/schema\/person\/ee71f003995c0b672c6a3328797faf1d"},"headline":"Estudio: Tendencias del mercado energ\u00e9tico en la prensa mexicana","datePublished":"2022-05-26T13:00:07+00:00","dateModified":"2024-09-10T19:42:27+00:00","mainEntityOfPage":{"@id":"https:\/\/www.knewin.com\/es\/blog\/estudio-tendencias-del-mercado-energetico-en-la-prensa-mexicana\/"},"wordCount":934,"commentCount":0,"publisher":{"@id":"https:\/\/www.knewin.com\/#organization"},"image":{"@id":"https:\/\/www.knewin.com\/es\/blog\/estudio-tendencias-del-mercado-energetico-en-la-prensa-mexicana\/#primaryimage"},"thumbnailUrl":"https:\/\/www.knewin.com\/wp-content\/uploads\/2024\/03\/mercado-energetico.png","keywords":["an\u00e1lisis de medios","comunicaci\u00f3n","estudio","Gesti\u00f3n de marca","monitoreo de prensa","prensa mexicana","sector energ\u00e9tico","tendencias del mercado"],"articleSection":["Estudios de Reputaci\u00f3n"],"inLanguage":"es","potentialAction":[{"@type":"CommentAction","name":"Comment","target":["https:\/\/www.knewin.com\/es\/blog\/estudio-tendencias-del-mercado-energetico-en-la-prensa-mexicana\/#respond"]}]},{"@type":"WebPage","@id":"https:\/\/www.knewin.com\/es\/blog\/estudio-tendencias-del-mercado-energetico-en-la-prensa-mexicana\/","url":"https:\/\/www.knewin.com\/es\/blog\/estudio-tendencias-del-mercado-energetico-en-la-prensa-mexicana\/","name":"Estudio: Tendencias del mercado energ\u00e9tico en la prensa mexicana - Knewin","isPartOf":{"@id":"https:\/\/www.knewin.com\/#website"},"primaryImageOfPage":{"@id":"https:\/\/www.knewin.com\/es\/blog\/estudio-tendencias-del-mercado-energetico-en-la-prensa-mexicana\/#primaryimage"},"image":{"@id":"https:\/\/www.knewin.com\/es\/blog\/estudio-tendencias-del-mercado-energetico-en-la-prensa-mexicana\/#primaryimage"},"thumbnailUrl":"https:\/\/www.knewin.com\/wp-content\/uploads\/2024\/03\/mercado-energetico.png","datePublished":"2022-05-26T13:00:07+00:00","dateModified":"2024-09-10T19:42:27+00:00","description":"El mercado energ\u00e9tico tiene una influencia directa no s\u00f3lo en las empresas, sino tambi\u00e9n en la vida de la poblaci\u00f3n.","breadcrumb":{"@id":"https:\/\/www.knewin.com\/es\/blog\/estudio-tendencias-del-mercado-energetico-en-la-prensa-mexicana\/#breadcrumb"},"inLanguage":"es","potentialAction":[{"@type":"ReadAction","target":["https:\/\/www.knewin.com\/es\/blog\/estudio-tendencias-del-mercado-energetico-en-la-prensa-mexicana\/"]}]},{"@type":"ImageObject","inLanguage":"es","@id":"https:\/\/www.knewin.com\/es\/blog\/estudio-tendencias-del-mercado-energetico-en-la-prensa-mexicana\/#primaryimage","url":"https:\/\/www.knewin.com\/wp-content\/uploads\/2024\/03\/mercado-energetico.png","contentUrl":"https:\/\/www.knewin.com\/wp-content\/uploads\/2024\/03\/mercado-energetico.png","width":1200,"height":600,"caption":"mercado de energia"},{"@type":"BreadcrumbList","@id":"https:\/\/www.knewin.com\/es\/blog\/estudio-tendencias-del-mercado-energetico-en-la-prensa-mexicana\/#breadcrumb","itemListElement":[{"@type":"ListItem","position":1,"name":"In\u00edcio","item":"https:\/\/www.knewin.com\/es\/"},{"@type":"ListItem","position":2,"name":"Estudio: Tendencias del mercado energ\u00e9tico en la prensa mexicana"}]},{"@type":"WebSite","@id":"https:\/\/www.knewin.com\/#website","url":"https:\/\/www.knewin.com\/","name":"Knewin","description":"A maior empresa de tecnologia e dados para gest\u00e3o de reputa\u00e7\u00e3o na Am\u00e9rica Latina.","publisher":{"@id":"https:\/\/www.knewin.com\/#organization"},"alternateName":"Knewin - Tecnologia e dados para gest\u00e3o de reputa\u00e7\u00e3o","potentialAction":[{"@type":"SearchAction","target":{"@type":"EntryPoint","urlTemplate":"https:\/\/www.knewin.com\/?s={search_term_string}"},"query-input":{"@type":"PropertyValueSpecification","valueRequired":true,"valueName":"search_term_string"}}],"inLanguage":"es"},{"@type":"Organization","@id":"https:\/\/www.knewin.com\/#organization","name":"Knewin","alternateName":"Knewin - A maior empresa de tecnologia e dados para gest\u00e3o de reputa\u00e7\u00e3o","url":"https:\/\/www.knewin.com\/","logo":{"@type":"ImageObject","inLanguage":"es","@id":"https:\/\/www.knewin.com\/#\/schema\/logo\/image\/","url":"https:\/\/knewin.com\/wp-content\/uploads\/2025\/01\/Knewin-imagem-home.webp","contentUrl":"https:\/\/knewin.com\/wp-content\/uploads\/2025\/01\/Knewin-imagem-home.webp","width":600,"height":600,"caption":"Knewin"},"image":{"@id":"https:\/\/www.knewin.com\/#\/schema\/logo\/image\/"},"sameAs":["https:\/\/www.facebook.com\/knewinoficial\/","https:\/\/x.com\/knewin_","https:\/\/www.instagram.com\/knewinoficial\/","https:\/\/www.linkedin.com\/company\/knewinoficial","https:\/\/www.youtube.com\/@knewinoficial"],"description":"A Knewin foi fundada em 2011 com o prop\u00f3sito de melhorar a sociedade por meio de empresas respons\u00e1veis e comprometidas com os seus p\u00fablicos. Para conquistar esse objetivo, investiu em tecnologias de intelig\u00eancia de dados e intelig\u00eancia artificial para traduzir dados em sentimentos dos stakeholders.","foundingDate":"2011-02-01"},{"@type":"Person","@id":"https:\/\/www.knewin.com\/#\/schema\/person\/ee71f003995c0b672c6a3328797faf1d","name":"Aline Silva","image":{"@type":"ImageObject","inLanguage":"es","@id":"https:\/\/secure.gravatar.com\/avatar\/802088e385e2ba060dec8e5550a1c1ce2155a18d41cd0ef5553617a3c793967b?s=96&d=mm&r=g","url":"https:\/\/secure.gravatar.com\/avatar\/802088e385e2ba060dec8e5550a1c1ce2155a18d41cd0ef5553617a3c793967b?s=96&d=mm&r=g","contentUrl":"https:\/\/secure.gravatar.com\/avatar\/802088e385e2ba060dec8e5550a1c1ce2155a18d41cd0ef5553617a3c793967b?s=96&d=mm&r=g","caption":"Aline Silva"},"url":"https:\/\/www.knewin.com\/es\/blog\/author\/aline-silva\/"}]}},"_links":{"self":[{"href":"https:\/\/www.knewin.com\/es\/wp-json\/wp\/v2\/posts\/2260","targetHints":{"allow":["GET"]}}],"collection":[{"href":"https:\/\/www.knewin.com\/es\/wp-json\/wp\/v2\/posts"}],"about":[{"href":"https:\/\/www.knewin.com\/es\/wp-json\/wp\/v2\/types\/post"}],"author":[{"embeddable":true,"href":"https:\/\/www.knewin.com\/es\/wp-json\/wp\/v2\/users\/6"}],"replies":[{"embeddable":true,"href":"https:\/\/www.knewin.com\/es\/wp-json\/wp\/v2\/comments?post=2260"}],"version-history":[{"count":0,"href":"https:\/\/www.knewin.com\/es\/wp-json\/wp\/v2\/posts\/2260\/revisions"}],"wp:featuredmedia":[{"embeddable":true,"href":"https:\/\/www.knewin.com\/es\/wp-json\/wp\/v2\/media\/22824"}],"wp:attachment":[{"href":"https:\/\/www.knewin.com\/es\/wp-json\/wp\/v2\/media?parent=2260"}],"wp:term":[{"taxonomy":"category","embeddable":true,"href":"https:\/\/www.knewin.com\/es\/wp-json\/wp\/v2\/categories?post=2260"},{"taxonomy":"post_tag","embeddable":true,"href":"https:\/\/www.knewin.com\/es\/wp-json\/wp\/v2\/tags?post=2260"}],"curies":[{"name":"wp","href":"https:\/\/api.w.org\/{rel}","templated":true}]}}