{"id":2294,"date":"2022-12-12T23:20:50","date_gmt":"2022-12-13T02:20:50","guid":{"rendered":"https:\/\/fsantosteste.com\/gestion-de-crisis-como-planificar-lo-inesperado\/"},"modified":"2024-08-20T18:41:37","modified_gmt":"2024-08-20T21:41:37","slug":"gestion-de-crisis-como-planificar-lo-inesperado","status":"publish","type":"post","link":"https:\/\/www.knewin.com\/es\/blog\/gestion-de-crisis-como-planificar-lo-inesperado\/","title":{"rendered":"Gesti\u00f3n de Crisis: \u00bfC\u00f3mo planificar lo inesperado?"},"content":{"rendered":"<p><span style=\"font-weight: 400;\">La gesti\u00f3n de la crisis es un momento delicado para los que trabajan con la comunicaci\u00f3n. La preparaci\u00f3n temprana puede significar la diferencia entre una crisis manejable y otra que destruya su negocio. Pero, \u00bfc\u00f3mo saber qu\u00e9 tipos de crisis pueden afectar a su organizaci\u00f3n y para qu\u00e9 escenarios prepararse?\u00a0<\/span><\/p>\n<p><b>Lee tambi\u00e9n:<\/b><\/p>\n<p><b style=\"font-size: 1rem;\">&gt;&gt; <a href=\"https:\/\/knewin.com\/es\/blog\/como-crear-un-plan-de-calidad-para-anticiparse-a-una-crisis\/\" target=\"_blank\" rel=\"noopener\">\u00bfC\u00f3mo crear un plan de calidad para anticiparse a una crisis?<\/a><\/b><\/p>\n<p><b>&gt;&gt; <a href=\"https:\/\/knewin.com\/es\/blog\/monitoreo-estrategico-de-noticias-para-evitar-una-crisis-de-pr\/\" target=\"_blank\" rel=\"noopener\">Monitoreo estrat\u00e9gico de noticias<\/a><\/b><\/p>\n<p><strong>&gt;&gt;<a href=\"https:\/\/knewin.com\/es\/blog\/gestion-de-crisis-por-que-hacer-un-monitoreo-en-tiempo-real\/\" target=\"_blank\" rel=\"noopener\"> \u00bfPor qu\u00e9 hacer un monitoreo en tiempo real?<\/a><\/strong><\/p>\n<p><span style=\"font-weight: 400;\">Le presentamos una gu\u00eda con 5 consejos para ayudarle a afrontar estos momentos con la seguridad de que su empresa superar\u00e1 cualquier tormenta.<\/span><\/p>\n<h2><span style=\"font-weight: 400;\">1. Entender qu\u00e9 es una crisis\u00a0<\/span><\/h2>\n<p><span style=\"font-weight: 400;\">Una crisis es un acontecimiento que afecta a su organizaci\u00f3n, ya sea interna o externamente, y crea una sensaci\u00f3n de urgencia. En algunos casos, pueden parecer inevitables, ya en otros, pueden evitarse con una preparaci\u00f3n adecuada y una planificaci\u00f3n de contingencias. Independientemente de su causa, una crisis siempre ejerce presi\u00f3n sobre su organizaci\u00f3n y exige una actuaci\u00f3n r\u00e1pida. <\/span><\/p>\n<h2><span style=\"font-weight: 400;\">2. Identifique las vulnerabilidades de tu empresa<br \/>\n<\/span><\/h2>\n<p><span style=\"font-weight: 400;\">Para planificar adecuadamente una crisis, su empresa debe identificar sus puntos vulnerables. Estos pueden incluir cosas como los desastres naturales y los errores humanos. Una vez que tenga una idea de lo que podr\u00eda salir mal, es el momento de empezar a desarrollar un plan que ayude a mitigar estos riesgos.<\/span><\/p>\n<h2><span style=\"font-weight: 400;\">3. Tenga un plan<\/span><\/h2>\n<p><span style=\"font-weight: 400;\">El primer paso para crear un plan de gesti\u00f3n de crisis es saber qui\u00e9nes van a participar en el proceso y cu\u00e1les son sus funciones. Tanto si est\u00e1 planificando con anticipaci\u00f3n o si est\u00e1 respondiendo a una emergencia, es importante que todos los miembros del equipo sepan lo que tienen que hacer. Tambi\u00e9n es importante que tenga un lugar designado donde el personal pueda ir durante una emergencia para que pueda centrarse en el desempe\u00f1o de sus responsabilidades en lugar de tratar de encontrar un lugar seguro.<\/span><\/p>\n<p><span style=\"font-weight: 400;\">Estos son algunos ejemplos de cosas que podr\u00eda incluir en su plan:<\/span><\/p>\n<ul>\n<li aria-level=\"1\">Los tipos de crisis que podr\u00edan ocurrir y qu\u00e9 tipo de respuesta ser\u00eda necesaria<\/li>\n<li aria-level=\"1\">Las funciones y responsabilidades de los empleados durante la situaci\u00f3n<\/li>\n<li aria-level=\"1\">Qu\u00e9 informaci\u00f3n debe estar disponible durante la crisis<\/li>\n<li aria-level=\"1\">Qu\u00e9 tipo de cobertura medi\u00e1tica es adecuada<\/li>\n<\/ul>\n<h2><span style=\"font-weight: 400;\">4. Comun\u00edquese con sus empleados<\/span><\/h2>\n<p><span style=\"font-weight: 400;\">Aunque no hay un enfoque \u00fanico para la gesti\u00f3n de crisis, es importante que se comunique con sus empleados durante este tiempo. Ellos se sentir\u00e1n m\u00e1s seguros sabiendo lo que est\u00e1 ocurriendo y cu\u00e1les son los planes de la empresa. Tambi\u00e9n es \u00fatil hacerles saber c\u00f3mo pueden ayudar en una crisis o qu\u00e9 tipo de asistencia pueden necesitar.<\/span><\/p>\n<h2><span style=\"font-weight: 400;\">5. Ponga a prueba su plan<\/span><\/h2>\n<p><span style=\"font-weight: 400;\">Si se produjera una crisis, es importante que ya hayas pensado cu\u00e1l ser\u00eda tu curso de acci\u00f3n. Si no sabes c\u00f3mo funcionar\u00e1 tu plan en la pr\u00e1ctica, te est\u00e1s preparando para el desastre. Tienes que poner a prueba tu plan antes de que ocurra algo, para poder responder con rapidez y eficacia. Lo \u00faltimo que quieres es descubrir demasiado tarde que tu plan necesita algunos ajustes.<\/span><\/p>\n<p><b>\u00a0<\/b><\/p>\n<p><span style=\"font-weight: 400;\">Al reflexionar sobre lo que la crisis ha significado para la organizaci\u00f3n, hay que ser proactivo y centrarse en lo que se puede hacer en el futuro. Un plan de crisis bien ejecutado puede fortalecer a la empresa, si se pone en pr\u00e1ctica con inteligencia y rapidez.<\/span><\/p>\n<p><span style=\"font-weight: 400;\">\u00a0<\/span><\/p>\n<p><b>\u00bfQuiere que su plan de gesti\u00f3n de crisis sea m\u00e1s s\u00f3lido y eficaz para anticiparse a las situaciones negativas? Entonces, hable con uno de<\/b><a href=\"https:\/\/knewin.com\/es\/solicitar-una-demostracion\/\"><b> nuestros expertos<\/b><\/a><b>.<\/b><\/p>\n<p>&nbsp;<\/p>\n<p><img fetchpriority=\"high\" decoding=\"async\" class=\"aligncenter wp-image-20359 size-large\" src=\"https:\/\/knewin.com\/wp-content\/uploads\/2022\/12\/CTA-8-1024x311.png\" alt=\"\" width=\"1024\" height=\"311\" \/><\/p>\n<p>&nbsp;<\/p>\n","protected":false},"excerpt":{"rendered":"<p>La gesti\u00f3n de la crisis es un momento delicado para los que trabajan con la comunicaci\u00f3n. La preparaci\u00f3n temprana puede significar la diferencia entre una crisis manejable y otra que destruya su negocio. Pero, \u00bfc\u00f3mo saber qu\u00e9 tipos de crisis pueden afectar a su organizaci\u00f3n y para qu\u00e9 escenarios prepararse?\u00a0 Lee tambi\u00e9n: &gt;&gt; \u00bfC\u00f3mo crear [&hellip;]<\/p>\n","protected":false},"author":6,"featured_media":22295,"comment_status":"open","ping_status":"open","sticky":false,"template":"","format":"standard","meta":{"footnotes":""},"categories":[1061],"tags":[1120,1081,1116,1124,1087,1125],"class_list":["post-2294","post","type-post","status-publish","format-standard","has-post-thumbnail","hentry","category-gestion-de-crisis","tag-agencias","tag-clipping-es","tag-gestion-de-crisis-es","tag-informe-es","tag-pr-es","tag-reporte-es"],"yoast_head":"<!-- This site is optimized with the Yoast SEO Premium plugin v27.0 (Yoast SEO v27.3) - https:\/\/yoast.com\/product\/yoast-seo-premium-wordpress\/ -->\n<title>Gesti\u00f3n de Crisis: \u00bfC\u00f3mo planificar lo inesperado? - Knewin<\/title>\n<meta name=\"description\" content=\"Le presentamos una gu\u00eda con 5 consejos para ayudarle a afrontar estos momentos con la seguridad de que su empresa superar\u00e1 cualquier tormenta.\" \/>\n<meta name=\"robots\" content=\"index, follow, max-snippet:-1, max-image-preview:large, max-video-preview:-1\" \/>\n<link rel=\"canonical\" href=\"https:\/\/www.knewin.com\/es\/blog\/gestion-de-crisis-como-planificar-lo-inesperado\/\" \/>\n<meta property=\"og:locale\" content=\"es_ES\" \/>\n<meta property=\"og:type\" content=\"article\" \/>\n<meta property=\"og:title\" content=\"Gesti\u00f3n de Crisis: \u00bfC\u00f3mo planificar lo inesperado?\" \/>\n<meta property=\"og:description\" content=\"Le presentamos una gu\u00eda con 5 consejos para ayudarle a afrontar estos momentos con la seguridad de que su empresa superar\u00e1 cualquier tormenta.\" \/>\n<meta property=\"og:url\" content=\"https:\/\/www.knewin.com\/es\/blog\/gestion-de-crisis-como-planificar-lo-inesperado\/\" \/>\n<meta property=\"og:site_name\" content=\"Knewin\" \/>\n<meta property=\"article:publisher\" content=\"https:\/\/www.facebook.com\/knewinoficial\/\" \/>\n<meta property=\"article:published_time\" content=\"2022-12-13T02:20:50+00:00\" \/>\n<meta property=\"article:modified_time\" content=\"2024-08-20T21:41:37+00:00\" \/>\n<meta property=\"og:image\" content=\"https:\/\/www.knewin.com\/wp-content\/uploads\/2024\/03\/Design-sem-nome-8.png\" \/>\n\t<meta property=\"og:image:width\" content=\"1200\" \/>\n\t<meta property=\"og:image:height\" content=\"600\" \/>\n\t<meta property=\"og:image:type\" content=\"image\/png\" \/>\n<meta name=\"author\" content=\"Aline Silva\" \/>\n<meta name=\"twitter:card\" content=\"summary_large_image\" \/>\n<meta name=\"twitter:creator\" content=\"@knewin_\" \/>\n<meta name=\"twitter:site\" content=\"@knewin_\" \/>\n<meta name=\"twitter:label1\" content=\"Escrito por\" \/>\n\t<meta name=\"twitter:data1\" content=\"Aline Silva\" \/>\n\t<meta name=\"twitter:label2\" content=\"Tiempo de lectura\" \/>\n\t<meta name=\"twitter:data2\" content=\"4 minutos\" \/>\n<script type=\"application\/ld+json\" class=\"yoast-schema-graph\">{\"@context\":\"https:\\\/\\\/schema.org\",\"@graph\":[{\"@type\":[\"Article\",\"BlogPosting\"],\"@id\":\"https:\\\/\\\/www.knewin.com\\\/es\\\/blog\\\/gestion-de-crisis-como-planificar-lo-inesperado\\\/#article\",\"isPartOf\":{\"@id\":\"https:\\\/\\\/www.knewin.com\\\/es\\\/blog\\\/gestion-de-crisis-como-planificar-lo-inesperado\\\/\"},\"author\":{\"name\":\"Aline Silva\",\"@id\":\"https:\\\/\\\/www.knewin.com\\\/#\\\/schema\\\/person\\\/ee71f003995c0b672c6a3328797faf1d\"},\"headline\":\"Gesti\u00f3n de Crisis: \u00bfC\u00f3mo planificar lo inesperado?\",\"datePublished\":\"2022-12-13T02:20:50+00:00\",\"dateModified\":\"2024-08-20T21:41:37+00:00\",\"mainEntityOfPage\":{\"@id\":\"https:\\\/\\\/www.knewin.com\\\/es\\\/blog\\\/gestion-de-crisis-como-planificar-lo-inesperado\\\/\"},\"wordCount\":629,\"commentCount\":0,\"publisher\":{\"@id\":\"https:\\\/\\\/www.knewin.com\\\/#organization\"},\"image\":{\"@id\":\"https:\\\/\\\/www.knewin.com\\\/es\\\/blog\\\/gestion-de-crisis-como-planificar-lo-inesperado\\\/#primaryimage\"},\"thumbnailUrl\":\"https:\\\/\\\/www.knewin.com\\\/wp-content\\\/uploads\\\/2024\\\/03\\\/Design-sem-nome-8.png\",\"keywords\":[\"agencias\",\"Clipping\",\"gestion de crisis\",\"informe\",\"PR\",\"reporte\"],\"articleSection\":[\"Gesti\u00f3n de Crisis\"],\"inLanguage\":\"es\",\"potentialAction\":[{\"@type\":\"CommentAction\",\"name\":\"Comment\",\"target\":[\"https:\\\/\\\/www.knewin.com\\\/es\\\/blog\\\/gestion-de-crisis-como-planificar-lo-inesperado\\\/#respond\"]}]},{\"@type\":\"WebPage\",\"@id\":\"https:\\\/\\\/www.knewin.com\\\/es\\\/blog\\\/gestion-de-crisis-como-planificar-lo-inesperado\\\/\",\"url\":\"https:\\\/\\\/www.knewin.com\\\/es\\\/blog\\\/gestion-de-crisis-como-planificar-lo-inesperado\\\/\",\"name\":\"Gesti\u00f3n de Crisis: \u00bfC\u00f3mo planificar lo inesperado? - Knewin\",\"isPartOf\":{\"@id\":\"https:\\\/\\\/www.knewin.com\\\/#website\"},\"primaryImageOfPage\":{\"@id\":\"https:\\\/\\\/www.knewin.com\\\/es\\\/blog\\\/gestion-de-crisis-como-planificar-lo-inesperado\\\/#primaryimage\"},\"image\":{\"@id\":\"https:\\\/\\\/www.knewin.com\\\/es\\\/blog\\\/gestion-de-crisis-como-planificar-lo-inesperado\\\/#primaryimage\"},\"thumbnailUrl\":\"https:\\\/\\\/www.knewin.com\\\/wp-content\\\/uploads\\\/2024\\\/03\\\/Design-sem-nome-8.png\",\"datePublished\":\"2022-12-13T02:20:50+00:00\",\"dateModified\":\"2024-08-20T21:41:37+00:00\",\"description\":\"Le presentamos una gu\u00eda con 5 consejos para ayudarle a afrontar estos momentos con la seguridad de que su empresa superar\u00e1 cualquier tormenta.\",\"breadcrumb\":{\"@id\":\"https:\\\/\\\/www.knewin.com\\\/es\\\/blog\\\/gestion-de-crisis-como-planificar-lo-inesperado\\\/#breadcrumb\"},\"inLanguage\":\"es\",\"potentialAction\":[{\"@type\":\"ReadAction\",\"target\":[\"https:\\\/\\\/www.knewin.com\\\/es\\\/blog\\\/gestion-de-crisis-como-planificar-lo-inesperado\\\/\"]}]},{\"@type\":\"ImageObject\",\"inLanguage\":\"es\",\"@id\":\"https:\\\/\\\/www.knewin.com\\\/es\\\/blog\\\/gestion-de-crisis-como-planificar-lo-inesperado\\\/#primaryimage\",\"url\":\"https:\\\/\\\/www.knewin.com\\\/wp-content\\\/uploads\\\/2024\\\/03\\\/Design-sem-nome-8.png\",\"contentUrl\":\"https:\\\/\\\/www.knewin.com\\\/wp-content\\\/uploads\\\/2024\\\/03\\\/Design-sem-nome-8.png\",\"width\":1200,\"height\":600,\"caption\":\"o que \u00e9 roi\"},{\"@type\":\"BreadcrumbList\",\"@id\":\"https:\\\/\\\/www.knewin.com\\\/es\\\/blog\\\/gestion-de-crisis-como-planificar-lo-inesperado\\\/#breadcrumb\",\"itemListElement\":[{\"@type\":\"ListItem\",\"position\":1,\"name\":\"In\u00edcio\",\"item\":\"https:\\\/\\\/www.knewin.com\\\/es\\\/\"},{\"@type\":\"ListItem\",\"position\":2,\"name\":\"Gesti\u00f3n de Crisis: \u00bfC\u00f3mo planificar lo inesperado?\"}]},{\"@type\":\"WebSite\",\"@id\":\"https:\\\/\\\/www.knewin.com\\\/#website\",\"url\":\"https:\\\/\\\/www.knewin.com\\\/\",\"name\":\"Knewin\",\"description\":\"A maior empresa de tecnologia e dados para gest\u00e3o de reputa\u00e7\u00e3o na Am\u00e9rica Latina.\",\"publisher\":{\"@id\":\"https:\\\/\\\/www.knewin.com\\\/#organization\"},\"alternateName\":\"Knewin - Tecnologia e dados para gest\u00e3o de reputa\u00e7\u00e3o\",\"potentialAction\":[{\"@type\":\"SearchAction\",\"target\":{\"@type\":\"EntryPoint\",\"urlTemplate\":\"https:\\\/\\\/www.knewin.com\\\/?s={search_term_string}\"},\"query-input\":{\"@type\":\"PropertyValueSpecification\",\"valueRequired\":true,\"valueName\":\"search_term_string\"}}],\"inLanguage\":\"es\"},{\"@type\":\"Organization\",\"@id\":\"https:\\\/\\\/www.knewin.com\\\/#organization\",\"name\":\"Knewin\",\"alternateName\":\"Knewin - A maior empresa de tecnologia e dados para gest\u00e3o de reputa\u00e7\u00e3o\",\"url\":\"https:\\\/\\\/www.knewin.com\\\/\",\"logo\":{\"@type\":\"ImageObject\",\"inLanguage\":\"es\",\"@id\":\"https:\\\/\\\/www.knewin.com\\\/#\\\/schema\\\/logo\\\/image\\\/\",\"url\":\"https:\\\/\\\/knewin.com\\\/wp-content\\\/uploads\\\/2025\\\/01\\\/Knewin-imagem-home.webp\",\"contentUrl\":\"https:\\\/\\\/knewin.com\\\/wp-content\\\/uploads\\\/2025\\\/01\\\/Knewin-imagem-home.webp\",\"width\":600,\"height\":600,\"caption\":\"Knewin\"},\"image\":{\"@id\":\"https:\\\/\\\/www.knewin.com\\\/#\\\/schema\\\/logo\\\/image\\\/\"},\"sameAs\":[\"https:\\\/\\\/www.facebook.com\\\/knewinoficial\\\/\",\"https:\\\/\\\/x.com\\\/knewin_\",\"https:\\\/\\\/www.instagram.com\\\/knewinoficial\\\/\",\"https:\\\/\\\/www.linkedin.com\\\/company\\\/knewinoficial\",\"https:\\\/\\\/www.youtube.com\\\/@knewinoficial\"],\"description\":\"A Knewin foi fundada em 2011 com o prop\u00f3sito de melhorar a sociedade por meio de empresas respons\u00e1veis e comprometidas com os seus p\u00fablicos. Para conquistar esse objetivo, investiu em tecnologias de intelig\u00eancia de dados e intelig\u00eancia artificial para traduzir dados em sentimentos dos stakeholders.\",\"foundingDate\":\"2011-02-01\"},{\"@type\":\"Person\",\"@id\":\"https:\\\/\\\/www.knewin.com\\\/#\\\/schema\\\/person\\\/ee71f003995c0b672c6a3328797faf1d\",\"name\":\"Aline Silva\",\"image\":{\"@type\":\"ImageObject\",\"inLanguage\":\"es\",\"@id\":\"https:\\\/\\\/secure.gravatar.com\\\/avatar\\\/802088e385e2ba060dec8e5550a1c1ce2155a18d41cd0ef5553617a3c793967b?s=96&d=mm&r=g\",\"url\":\"https:\\\/\\\/secure.gravatar.com\\\/avatar\\\/802088e385e2ba060dec8e5550a1c1ce2155a18d41cd0ef5553617a3c793967b?s=96&d=mm&r=g\",\"contentUrl\":\"https:\\\/\\\/secure.gravatar.com\\\/avatar\\\/802088e385e2ba060dec8e5550a1c1ce2155a18d41cd0ef5553617a3c793967b?s=96&d=mm&r=g\",\"caption\":\"Aline Silva\"},\"url\":\"https:\\\/\\\/www.knewin.com\\\/es\\\/blog\\\/author\\\/aline-silva\\\/\"}]}<\/script>\n<!-- \/ Yoast SEO Premium plugin. -->","yoast_head_json":{"title":"Gesti\u00f3n de Crisis: \u00bfC\u00f3mo planificar lo inesperado? - Knewin","description":"Le presentamos una gu\u00eda con 5 consejos para ayudarle a afrontar estos momentos con la seguridad de que su empresa superar\u00e1 cualquier tormenta.","robots":{"index":"index","follow":"follow","max-snippet":"max-snippet:-1","max-image-preview":"max-image-preview:large","max-video-preview":"max-video-preview:-1"},"canonical":"https:\/\/www.knewin.com\/es\/blog\/gestion-de-crisis-como-planificar-lo-inesperado\/","og_locale":"es_ES","og_type":"article","og_title":"Gesti\u00f3n de Crisis: \u00bfC\u00f3mo planificar lo inesperado?","og_description":"Le presentamos una gu\u00eda con 5 consejos para ayudarle a afrontar estos momentos con la seguridad de que su empresa superar\u00e1 cualquier tormenta.","og_url":"https:\/\/www.knewin.com\/es\/blog\/gestion-de-crisis-como-planificar-lo-inesperado\/","og_site_name":"Knewin","article_publisher":"https:\/\/www.facebook.com\/knewinoficial\/","article_published_time":"2022-12-13T02:20:50+00:00","article_modified_time":"2024-08-20T21:41:37+00:00","og_image":[{"width":1200,"height":600,"url":"https:\/\/www.knewin.com\/wp-content\/uploads\/2024\/03\/Design-sem-nome-8.png","type":"image\/png"}],"author":"Aline Silva","twitter_card":"summary_large_image","twitter_creator":"@knewin_","twitter_site":"@knewin_","twitter_misc":{"Escrito por":"Aline Silva","Tiempo de lectura":"4 minutos"},"schema":{"@context":"https:\/\/schema.org","@graph":[{"@type":["Article","BlogPosting"],"@id":"https:\/\/www.knewin.com\/es\/blog\/gestion-de-crisis-como-planificar-lo-inesperado\/#article","isPartOf":{"@id":"https:\/\/www.knewin.com\/es\/blog\/gestion-de-crisis-como-planificar-lo-inesperado\/"},"author":{"name":"Aline Silva","@id":"https:\/\/www.knewin.com\/#\/schema\/person\/ee71f003995c0b672c6a3328797faf1d"},"headline":"Gesti\u00f3n de Crisis: \u00bfC\u00f3mo planificar lo inesperado?","datePublished":"2022-12-13T02:20:50+00:00","dateModified":"2024-08-20T21:41:37+00:00","mainEntityOfPage":{"@id":"https:\/\/www.knewin.com\/es\/blog\/gestion-de-crisis-como-planificar-lo-inesperado\/"},"wordCount":629,"commentCount":0,"publisher":{"@id":"https:\/\/www.knewin.com\/#organization"},"image":{"@id":"https:\/\/www.knewin.com\/es\/blog\/gestion-de-crisis-como-planificar-lo-inesperado\/#primaryimage"},"thumbnailUrl":"https:\/\/www.knewin.com\/wp-content\/uploads\/2024\/03\/Design-sem-nome-8.png","keywords":["agencias","Clipping","gestion de crisis","informe","PR","reporte"],"articleSection":["Gesti\u00f3n de Crisis"],"inLanguage":"es","potentialAction":[{"@type":"CommentAction","name":"Comment","target":["https:\/\/www.knewin.com\/es\/blog\/gestion-de-crisis-como-planificar-lo-inesperado\/#respond"]}]},{"@type":"WebPage","@id":"https:\/\/www.knewin.com\/es\/blog\/gestion-de-crisis-como-planificar-lo-inesperado\/","url":"https:\/\/www.knewin.com\/es\/blog\/gestion-de-crisis-como-planificar-lo-inesperado\/","name":"Gesti\u00f3n de Crisis: \u00bfC\u00f3mo planificar lo inesperado? - Knewin","isPartOf":{"@id":"https:\/\/www.knewin.com\/#website"},"primaryImageOfPage":{"@id":"https:\/\/www.knewin.com\/es\/blog\/gestion-de-crisis-como-planificar-lo-inesperado\/#primaryimage"},"image":{"@id":"https:\/\/www.knewin.com\/es\/blog\/gestion-de-crisis-como-planificar-lo-inesperado\/#primaryimage"},"thumbnailUrl":"https:\/\/www.knewin.com\/wp-content\/uploads\/2024\/03\/Design-sem-nome-8.png","datePublished":"2022-12-13T02:20:50+00:00","dateModified":"2024-08-20T21:41:37+00:00","description":"Le presentamos una gu\u00eda con 5 consejos para ayudarle a afrontar estos momentos con la seguridad de que su empresa superar\u00e1 cualquier tormenta.","breadcrumb":{"@id":"https:\/\/www.knewin.com\/es\/blog\/gestion-de-crisis-como-planificar-lo-inesperado\/#breadcrumb"},"inLanguage":"es","potentialAction":[{"@type":"ReadAction","target":["https:\/\/www.knewin.com\/es\/blog\/gestion-de-crisis-como-planificar-lo-inesperado\/"]}]},{"@type":"ImageObject","inLanguage":"es","@id":"https:\/\/www.knewin.com\/es\/blog\/gestion-de-crisis-como-planificar-lo-inesperado\/#primaryimage","url":"https:\/\/www.knewin.com\/wp-content\/uploads\/2024\/03\/Design-sem-nome-8.png","contentUrl":"https:\/\/www.knewin.com\/wp-content\/uploads\/2024\/03\/Design-sem-nome-8.png","width":1200,"height":600,"caption":"o que \u00e9 roi"},{"@type":"BreadcrumbList","@id":"https:\/\/www.knewin.com\/es\/blog\/gestion-de-crisis-como-planificar-lo-inesperado\/#breadcrumb","itemListElement":[{"@type":"ListItem","position":1,"name":"In\u00edcio","item":"https:\/\/www.knewin.com\/es\/"},{"@type":"ListItem","position":2,"name":"Gesti\u00f3n de Crisis: \u00bfC\u00f3mo planificar lo inesperado?"}]},{"@type":"WebSite","@id":"https:\/\/www.knewin.com\/#website","url":"https:\/\/www.knewin.com\/","name":"Knewin","description":"A maior empresa de tecnologia e dados para gest\u00e3o de reputa\u00e7\u00e3o na Am\u00e9rica Latina.","publisher":{"@id":"https:\/\/www.knewin.com\/#organization"},"alternateName":"Knewin - Tecnologia e dados para gest\u00e3o de reputa\u00e7\u00e3o","potentialAction":[{"@type":"SearchAction","target":{"@type":"EntryPoint","urlTemplate":"https:\/\/www.knewin.com\/?s={search_term_string}"},"query-input":{"@type":"PropertyValueSpecification","valueRequired":true,"valueName":"search_term_string"}}],"inLanguage":"es"},{"@type":"Organization","@id":"https:\/\/www.knewin.com\/#organization","name":"Knewin","alternateName":"Knewin - A maior empresa de tecnologia e dados para gest\u00e3o de reputa\u00e7\u00e3o","url":"https:\/\/www.knewin.com\/","logo":{"@type":"ImageObject","inLanguage":"es","@id":"https:\/\/www.knewin.com\/#\/schema\/logo\/image\/","url":"https:\/\/knewin.com\/wp-content\/uploads\/2025\/01\/Knewin-imagem-home.webp","contentUrl":"https:\/\/knewin.com\/wp-content\/uploads\/2025\/01\/Knewin-imagem-home.webp","width":600,"height":600,"caption":"Knewin"},"image":{"@id":"https:\/\/www.knewin.com\/#\/schema\/logo\/image\/"},"sameAs":["https:\/\/www.facebook.com\/knewinoficial\/","https:\/\/x.com\/knewin_","https:\/\/www.instagram.com\/knewinoficial\/","https:\/\/www.linkedin.com\/company\/knewinoficial","https:\/\/www.youtube.com\/@knewinoficial"],"description":"A Knewin foi fundada em 2011 com o prop\u00f3sito de melhorar a sociedade por meio de empresas respons\u00e1veis e comprometidas com os seus p\u00fablicos. Para conquistar esse objetivo, investiu em tecnologias de intelig\u00eancia de dados e intelig\u00eancia artificial para traduzir dados em sentimentos dos stakeholders.","foundingDate":"2011-02-01"},{"@type":"Person","@id":"https:\/\/www.knewin.com\/#\/schema\/person\/ee71f003995c0b672c6a3328797faf1d","name":"Aline Silva","image":{"@type":"ImageObject","inLanguage":"es","@id":"https:\/\/secure.gravatar.com\/avatar\/802088e385e2ba060dec8e5550a1c1ce2155a18d41cd0ef5553617a3c793967b?s=96&d=mm&r=g","url":"https:\/\/secure.gravatar.com\/avatar\/802088e385e2ba060dec8e5550a1c1ce2155a18d41cd0ef5553617a3c793967b?s=96&d=mm&r=g","contentUrl":"https:\/\/secure.gravatar.com\/avatar\/802088e385e2ba060dec8e5550a1c1ce2155a18d41cd0ef5553617a3c793967b?s=96&d=mm&r=g","caption":"Aline Silva"},"url":"https:\/\/www.knewin.com\/es\/blog\/author\/aline-silva\/"}]}},"_links":{"self":[{"href":"https:\/\/www.knewin.com\/es\/wp-json\/wp\/v2\/posts\/2294","targetHints":{"allow":["GET"]}}],"collection":[{"href":"https:\/\/www.knewin.com\/es\/wp-json\/wp\/v2\/posts"}],"about":[{"href":"https:\/\/www.knewin.com\/es\/wp-json\/wp\/v2\/types\/post"}],"author":[{"embeddable":true,"href":"https:\/\/www.knewin.com\/es\/wp-json\/wp\/v2\/users\/6"}],"replies":[{"embeddable":true,"href":"https:\/\/www.knewin.com\/es\/wp-json\/wp\/v2\/comments?post=2294"}],"version-history":[{"count":0,"href":"https:\/\/www.knewin.com\/es\/wp-json\/wp\/v2\/posts\/2294\/revisions"}],"wp:featuredmedia":[{"embeddable":true,"href":"https:\/\/www.knewin.com\/es\/wp-json\/wp\/v2\/media\/22295"}],"wp:attachment":[{"href":"https:\/\/www.knewin.com\/es\/wp-json\/wp\/v2\/media?parent=2294"}],"wp:term":[{"taxonomy":"category","embeddable":true,"href":"https:\/\/www.knewin.com\/es\/wp-json\/wp\/v2\/categories?post=2294"},{"taxonomy":"post_tag","embeddable":true,"href":"https:\/\/www.knewin.com\/es\/wp-json\/wp\/v2\/tags?post=2294"}],"curies":[{"name":"wp","href":"https:\/\/api.w.org\/{rel}","templated":true}]}}